{"id":214581,"date":"2021-11-23T08:51:27","date_gmt":"2021-11-23T07:51:27","guid":{"rendered":"https:\/\/www.cronacaonline.it\/?p=214581"},"modified":"2021-11-23T08:51:32","modified_gmt":"2021-11-23T07:51:32","slug":"tragedia-in-bulgaria-bus-si-schianta-e-prende-fuoco-in-autostrada-45-morti-tra-cui-12-bambini","status":"publish","type":"post","link":"https:\/\/www.cronacaonline.it\/index.php\/2021\/11\/23\/tragedia-in-bulgaria-bus-si-schianta-e-prende-fuoco-in-autostrada-45-morti-tra-cui-12-bambini\/","title":{"rendered":"Tragedia in Bulgaria: bus si schianta e prende fuoco in autostrada. 45 morti, tra cui 12 bambini."},"content":{"rendered":"\n<p>Cagliari, 23 Nov 2021 - \u00c8 di 45 morti, tra cui 12 bambini, il bilancio dello schianto dell'autobus turistico che trasportava 52 persone, cittadini della Macedonia del nord, da Istanbul a Skopje.<\/p>\n\n\n\n<p>L'incidente \u00e8 avvenuto \"sull'autostrada 40 km a sud di Sofia\", ha detto il commissario Nilolay Nikolov, capo del servizio di emergenza disastri, aggiungendo che \"sette passeggeri sono stati messi in salvo\".<\/p>\n\n\n\n<p>Al momento non \u00e8 stato possibile determinare la causa dell'incidente. Anche 12 bambini erano nel veicolo, che proveniva da Istanbul e si dirigeva a Skopje. \"\u00c8 una tragedia. Non sappiamo se tutte le vittime siano&nbsp;della Macedonia del nord, ma questo \u00e8 quello che supponiamo perch\u00e9 l'autobus \u00e8 immatricolato nel Paese\", ha detto il primo ministro macedone Zoran Zaev.<\/p>\n","protected":false},"excerpt":{"rendered":"<p>Cagliari, 23 Nov 2021 &#8211; \u00c8 di 45 morti, tra cui 12 bambini, il bilancio dello schianto dell&#8217;autobus turistico che trasportava 52 persone, cittadini della&#8230;<\/p>\n","protected":false},"author":2,"featured_media":214582,"comment_status":"closed","ping_status":"open","sticky":false,"template":"","format":"standard","meta":[],"categories":[49,51],"tags":[],"_links":{"self":[{"href":"https:\/\/www.cronacaonline.it\/index.php\/wp-json\/wp\/v2\/posts\/214581"}],"collection":[{"href":"https:\/\/www.cronacaonline.it\/index.php\/wp-json\/wp\/v2\/posts"}],"about":[{"href":"https:\/\/www.cronacaonline.it\/index.php\/wp-json\/wp\/v2\/types\/post"}],"author":[{"embeddable":true,"href":"https:\/\/www.cronacaonline.it\/index.php\/wp-json\/wp\/v2\/users\/2"}],"replies":[{"embeddable":true,"href":"https:\/\/www.cronacaonline.it\/index.php\/wp-json\/wp\/v2\/comments?post=214581"}],"version-history":[{"count":1,"href":"https:\/\/www.cronacaonline.it\/index.php\/wp-json\/wp\/v2\/posts\/214581\/revisions"}],"predecessor-version":[{"id":214583,"href":"https:\/\/www.cronacaonline.it\/index.php\/wp-json\/wp\/v2\/posts\/214581\/revisions\/214583"}],"wp:featuredmedia":[{"embeddable":true,"href":"https:\/\/www.cronacaonline.it\/index.php\/wp-json\/wp\/v2\/media\/214582"}],"wp:attachment":[{"href":"https:\/\/www.cronacaonline.it\/index.php\/wp-json\/wp\/v2\/media?parent=214581"}],"wp:term":[{"taxonomy":"category","embeddable":true,"href":"https:\/\/www.cronacaonline.it\/index.php\/wp-json\/wp\/v2\/categories?post=214581"},{"taxonomy":"post_tag","embeddable":true,"href":"https:\/\/www.cronacaonline.it\/index.php\/wp-json\/wp\/v2\/tags?post=214581"}],"curies":[{"name":"wp","href":"https:\/\/api.w.org\/{rel}","templated":true}]}}