{"id":214565,"date":"2021-11-22T17:12:22","date_gmt":"2021-11-22T16:12:22","guid":{"rendered":"https:\/\/www.cronacaonline.it\/?p=214565"},"modified":"2021-11-22T17:12:23","modified_gmt":"2021-11-22T16:12:23","slug":"piano-di-riorganizzazione-della-sanita-territoriale-lassessore-nieddu-incontra-i-sindacati-programma-di-condivisione-fondamentale","status":"publish","type":"post","link":"https:\/\/www.cronacaonline.it\/index.php\/2021\/11\/22\/piano-di-riorganizzazione-della-sanita-territoriale-lassessore-nieddu-incontra-i-sindacati-programma-di-condivisione-fondamentale\/","title":{"rendered":"Piano di riorganizzazione della sanit\u00e0 territoriale, l&#8217;assessore Nieddu incontra i sindacati: &#8220;programma di condivisione fondamentale&#8221;."},"content":{"rendered":"\n<p>Cagliari, 22 Nov 2021 -\u00a0Proseguono gli incontri sul Piano regionale di riorganizzazione della medicina territoriale, promossi dall'assessore regionale della Sanit\u00e0, Mario Nieddu. Il documento, gi\u00e0 oggetto di un confronto con i vertici delle aziende sanitarie e delle Assl nel primo appuntamento avvenuto nei giorni scorsi, \u00e8 stato presentato oggi ai sindacati. \"Quella che abbiamo realizzato - dichiara l'assessore Nieddu, in riferimento al Piano - \u00e8 una bozza tecnica di condivisione, non un documento scolpito nella roccia. Quella che andremo ad adottare \u00e8 una riforma che andr\u00e0 a ridisegnare una parte fondamentale del sistema sanitario sul nostro territorio. Per questo stiamo coinvolgendo tutti i portatori di interesse, che sono cos\u00ec chiamati a partecipare attivamente al confronto. La Sardegna ha bisogno di un nuovo modello di assistenza e di cure che guardi alle nuove esigenze e al futuro, ma nulla sar\u00e0 calato dall'alto. L'obiettivo \u00e8 quello di mettere assieme le osservazioni e apportare eventuali correttivi prima che la proposta inizi il suo percorso istituzionale\".<\/p>\n\n\n\n<p>La bozza del Piano, che parte dalla fotografia dell'attuale situazione dell'assistenza e delle cure in Sardegna, descrive un modello nuovo che punta a superare il dualismo territorio-ospedale: \"Nel modello che proponiamo - spiega l'esponente della Giunta - la centralit\u00e0 \u00e8 data al cittadino e ai suoi bisogni d'assistenza. Cambiano le logiche della presa in carico del paziente. Non sar\u00e0 pi\u00f9 il cittadino a doversi orientare all'interno del sistema sanitario, ma sar\u00e0 il sistema a prendere in carico il paziente e a tracciare il percorso assistenziale pi\u00f9 appropriato, rendendo pi\u00f9 efficace la risposta e pi\u00f9 efficiente l'intera macchina sanitaria\".<\/p>\n\n\n\n<p>\"La realizzazione di una struttura di coordinamento deputata ad accompagnare i cittadini nei loro bisogni d'assistenza - precisa l'assessore - e di strutture intermedie, come le case e gli ospedali di comunit\u00e0, nonch\u00e9 l'implementazione delle tecnologie di telemedicina e telerefertazione, la centralit\u00e0 dei distretti, con obiettivi e risorse, il potenziamento dei servizi 116 e 117, oggi attivi in via sperimentale, da affiancare al servizio 118 dedicato alle emergenze, sono alcuni degli elementi descritti nella nostra proposta, che vuole dare risposte appropriate in termini d'assistenza e avvicinare il pi\u00f9 possibile le cure al cittadino. Oggi un modello d'assistenza che non fa questo lavoro rischia di scaricare tutto il peso sugli ospedali e in particolare sui pronto soccorso, che inevitabilmente vanno in sofferenza trovandosi a dover dare risposte a tutti, indipendentemente dalla complessit\u00e0 delle cure richieste\".<\/p>\n\n\n\n<p>Sull'andamento degli incontri programmati l'assessore esprime soddisfazione: \"Stiamo lavorando - conclude l'assessore - in un clima costruttivo e proseguiremo in questa direzione. La pandemia ha accentuato la necessit\u00e0 di una riforma della Sanit\u00e0 territoriale, che alla Sardegna manca da prima che il virus arrivasse sul nostro territorio\", conclude l'esponente della Giunta.<\/p>\n","protected":false},"excerpt":{"rendered":"<p>Cagliari, 22 Nov 2021 &#8211;\u00a0Proseguono gli incontri sul Piano regionale di riorganizzazione della medicina territoriale, promossi dall&#8217;assessore regionale della Sanit\u00e0, Mario Nieddu. Il documento, gi\u00e0&#8230;<\/p>\n","protected":false},"author":2,"featured_media":214566,"comment_status":"closed","ping_status":"open","sticky":false,"template":"","format":"standard","meta":[],"categories":[49,52],"tags":[],"_links":{"self":[{"href":"https:\/\/www.cronacaonline.it\/index.php\/wp-json\/wp\/v2\/posts\/214565"}],"collection":[{"href":"https:\/\/www.cronacaonline.it\/index.php\/wp-json\/wp\/v2\/posts"}],"about":[{"href":"https:\/\/www.cronacaonline.it\/index.php\/wp-json\/wp\/v2\/types\/post"}],"author":[{"embeddable":true,"href":"https:\/\/www.cronacaonline.it\/index.php\/wp-json\/wp\/v2\/users\/2"}],"replies":[{"embeddable":true,"href":"https:\/\/www.cronacaonline.it\/index.php\/wp-json\/wp\/v2\/comments?post=214565"}],"version-history":[{"count":1,"href":"https:\/\/www.cronacaonline.it\/index.php\/wp-json\/wp\/v2\/posts\/214565\/revisions"}],"predecessor-version":[{"id":214567,"href":"https:\/\/www.cronacaonline.it\/index.php\/wp-json\/wp\/v2\/posts\/214565\/revisions\/214567"}],"wp:featuredmedia":[{"embeddable":true,"href":"https:\/\/www.cronacaonline.it\/index.php\/wp-json\/wp\/v2\/media\/214566"}],"wp:attachment":[{"href":"https:\/\/www.cronacaonline.it\/index.php\/wp-json\/wp\/v2\/media?parent=214565"}],"wp:term":[{"taxonomy":"category","embeddable":true,"href":"https:\/\/www.cronacaonline.it\/index.php\/wp-json\/wp\/v2\/categories?post=214565"},{"taxonomy":"post_tag","embeddable":true,"href":"https:\/\/www.cronacaonline.it\/index.php\/wp-json\/wp\/v2\/tags?post=214565"}],"curies":[{"name":"wp","href":"https:\/\/api.w.org\/{rel}","templated":true}]}}