{"id":214548,"date":"2021-11-22T13:52:01","date_gmt":"2021-11-22T12:52:01","guid":{"rendered":"https:\/\/www.cronacaonline.it\/?p=214548"},"modified":"2021-11-22T13:52:03","modified_gmt":"2021-11-22T12:52:03","slug":"super-green-pass-costa-in-zona-arancione-spazi-di-liberta-in-piu-per-i-vaccinati","status":"publish","type":"post","link":"https:\/\/www.cronacaonline.it\/index.php\/2021\/11\/22\/super-green-pass-costa-in-zona-arancione-spazi-di-liberta-in-piu-per-i-vaccinati\/","title":{"rendered":"Super Green pass, Costa: &#8220;In zona arancione spazi di libert\u00e0 in pi\u00f9 per i vaccinati&#8221;."},"content":{"rendered":"\n<p>Roma, 22 Nov 2021 - Apre ufficialmente da oggi in Italia la somministrazione della terza dose di vaccino anti-Covid per gli over-40, mentre sale il pressing di Regioni e degli scienziati sul governo per accelerare sul green pass rafforzato. E dal governo arriva un prima risposta circa l'ipotesi di limitare movimenti e spostamenti ai non vaccinati. \u201c\u00c8 giusto fare una riflessione, nel caso ci fosse un passaggio in arancione, invece che arrivare a chiudere delle attivit\u00e0, dare la possibilit\u00e0 a chi si \u00e8 vaccinato di avere qualche spazio di libert\u00e0 in pi\u00f9 rispetto a chi volontariamente ha deciso di non vaccinarsi. Non parlerei di confinamento per i no vax, ma se ci dovesse essere un peggioramento, come il passaggio in arancione di alcune Regioni, le chiusure e le restrizioni non devono essere pagate dai vaccinati: garantire ai non vaccinati l'accesso al lavoro e ai bisogni primari, ma certe attivit\u00e0 come andare ristorante, cinema o teatro, con un peggioramento queste attivit\u00e0 andrebbero riservate ai vaccinati\".<\/p>\n\n\n\n<p>Cos\u00ec il sottosegretario alla Salute Andrea Costa a Tg2 Italia su Rai 2. \"Da questa settimana inizier\u00e0 un percorso con le Regioni, dal governo c'\u00e8 sempre stata la massima disponibilit\u00e0 per il dialogo. La riflessione che dobbiamo fare - ha proseguito - \u00e8 quella per cui se ci dovesse essere un passaggio di una Regione in colore arancione, essendo previste restrizioni e chiusure, non ci possiamo pi\u00f9 permettere di chiudere quelle attivit\u00e0 che tanto hanno sofferto, soprattutto se oltre 45 milioni di cittadini si sono vaccinati\".<\/p>\n\n\n\n<p>Per Costa \"le prossime settimane vanno affrontate con grande senso di responsabilit\u00e0, sulla terza dose e rispettando quelle regole minime che ormai fanno parte della nostra quotidianit\u00e0. Siamo in condizioni positive per gestire la pandemia ma non possiamo permetterci di abbassare la guardia e pregiudicare quando fatto in due anni\".<\/p>\n\n\n\n<p>\"Per la durata del green pass la politica si affider\u00e0 alle evidenze scientifiche. Ogni giorno sembra messa in evidenza una diminuzione dell'immunit\u00e0 tra coloro che sono vaccinati quindi spostare la durata da 12 a 9 mesi sar\u00e0 una scelta che la politica far\u00e0 sulla base delle indicazioni del nostro comitato tecnico scientifico\".<\/p>\n\n\n\n<p>\"Le scelte verranno prese ragionevolmente gi\u00e0 questa settimana: si parla, e credo sar\u00e0 la scelta definitiva, di prevedere l'obbligo di terza dose per tutti i cittadini per cui \u00e8 previso l'obbligo vaccinale: \u00e8 una conseguenza logica e una decisione di buon senso\", annuncia poi il sottosegretario alla Salute.<\/p>\n\n\n\n<p>\"A breve\", in settimana, ci sar\u00e0 un incontro con le Regioni che chiedono maggiori restrizioni nei confronti dei non vaccinati, ma \"le scelte sul green pass le abbiamo gi\u00e0 fatte, \u00e8 chiaro se ci sar\u00e0 da parte del CTS la richiesta di rivederlo o magari accorciare la durata, noi seguiremo sempre le indicazioni della scienza\". Lo ha detto il ministro per gli Affari regionali e le autonomie, Mariastella Gelmini, a margine dell'inaugurazione di Made Expo, la fiera di riferimento per il settore della progettazione, dell'edilizia e delle costruzioni, che oggi apre i battenti a Fiera Milano a Rho.<\/p>\n\n\n\n<p>\"Credo che si debba correre sulle terze dosi, non bisogna indugiare. Oggi abbiamo qualche settimana di vantaggio rispetto agli altri Paesi e quindi il consiglio che il governo d\u00e0 \u00e8 quello di accelerare sulla terza dose\" ha sottolineato la ministra. \"Non a caso - ha aggiunto - dalla fine di novembre sar\u00e0 possibile farlo anche per gli over 40. Quindi, dobbiamo sapere che la pandemia non \u00e8 ancora passata. Occorre mettere in campo gli strumenti che abbiamo e il vaccino \u00e8 l'unica arma che abbiamo per combattere il virus\". Poi ha aggiunto: \"Negli altri Paesi la situazione \u00e8 ben peggiore di quella italiana. Dipende da noi, non solo dalla politica ovvero dai comportamenti che si mettono in campo. La stragrande maggioranza ha scelto di avere fiducia nella scienza, ha scelto di vaccinarsi e questo sta consentendo al Paese di restare aperto. \u00c8 chiaro che il governo far\u00e0 di tutto per non chiudere e per difendere gli spazi di libert\u00e0, che sono frutto dei sacrifici degli italiani. Il problema non \u00e8 solo la salute, ma \u00e8 anche la ripresa economica. Bloccare il Paese vorrebbe dire ostacolare la ripresa economica e questo il governo non lo pu\u00f2 consentire\".<\/p>\n\n\n\n<p>Stretta sul Green pass per mantenere aperte le attivit\u00e0 economiche, specie quelle che hanno pi\u00f9 patito durante la pandemia. Lo auspica il presidente della Regione Emilia-Romagna, Stefano Bonaccini: \"Sostengo la proposta del presidente del Friuli Venezia Giulia\" Massimiliano Fedriga, ha detto a margine di un evento a Cesena. \"Che chi sia vaccinato abbia una corsia preferenziale in quei luoghi, in particolare, per evitare di chiuderli o di restringerli troppo, credo sia giusto\", ha dichiarato Bonaccini.<\/p>\n\n\n\n<p>L'obbligo vaccinale \"\u00e8 la soluzione estrema, eventualmente si pu\u00f2 anche prendere questa decisione ma io sono per rafforzare l'uso del green pass perch\u00e9 questo spinge le persone a vaccinarsi\". Cos\u00ec il sindaco di Napoli Gaetano Manfredi, ospite di Rainews24. \"Poi, qualora la situazione diventi eccessivamente difficile, si pu\u00f2 ricorrere all'obbligo vaccinale, che sicuramente \u00e8 necessario per medici e insegnanti e per tutti coloro che hanno un rapporto molto stretto con la collettivit\u00e0\", ha concluso l'ex ministro.<\/p>\n\n\n\n<p>Anche in Italia nelle prossime settimane \"siamo destinati a vedere crescere\" i contagi da Covid-19 \"perch\u00e9 la variante Delta \u00e8 molto, molto pi\u00f9 contagiosa rispetto alla variante di Wuhan e a quella britannica: un soggetto infetto ne contagia altri 6-7. Ancora sono troppi i non vaccinati\". Lo ha detto il consulente del ministro della Salute Walter Ricciardi a Radio Capital. Per Ricciardi \"non abbiamo bisogno\" di seguire la strada intrapresa dall'Austria, che \"ha fatto questa scelta drammatica perch\u00e9 \u00e8 in enorme ritardo sulle coperture vaccinali e i risultati si sono visti. Hanno dei tassi di incidenza dieci volte superiori ai nostri ed \u00e8 chiaro che sono dovuti correre ai ripari. Il nostro governo ha invece preso decisioni tempestive, che non ci mettono definitivamente al sicuro, perch\u00e9 ancora ci sono troppi non vaccinati, ma non ci mettono nelle condizioni di operare queste scelte di emergenza\". Per convincere i non vaccinati a fare il vaccino, per Ricciardi si potrebbe \"irrigidire la concessione del Green pass: \u00e8 quello che stanno facendo in nord Europa. Va rivista soprattutto la modalit\u00e0 di rilascio: era una decisione presa con la variante originale. Il tampone, soprattutto l'antigenico, ora \u00e8 il vero tampone d'Achille perch\u00e9 non certifica la positivit\u00e0 di almeno il 30% dei soggetti. Con il passare del tempo dovremo irrigidire\" e quindi eliminare il tampone per il rilascio.<\/p>\n","protected":false},"excerpt":{"rendered":"<p>Roma, 22 Nov 2021 &#8211; Apre ufficialmente da oggi in Italia la somministrazione della terza dose di vaccino anti-Covid per gli over-40, mentre sale il&#8230;<\/p>\n","protected":false},"author":2,"featured_media":211876,"comment_status":"closed","ping_status":"open","sticky":false,"template":"","format":"standard","meta":[],"categories":[49,50],"tags":[],"_links":{"self":[{"href":"https:\/\/www.cronacaonline.it\/index.php\/wp-json\/wp\/v2\/posts\/214548"}],"collection":[{"href":"https:\/\/www.cronacaonline.it\/index.php\/wp-json\/wp\/v2\/posts"}],"about":[{"href":"https:\/\/www.cronacaonline.it\/index.php\/wp-json\/wp\/v2\/types\/post"}],"author":[{"embeddable":true,"href":"https:\/\/www.cronacaonline.it\/index.php\/wp-json\/wp\/v2\/users\/2"}],"replies":[{"embeddable":true,"href":"https:\/\/www.cronacaonline.it\/index.php\/wp-json\/wp\/v2\/comments?post=214548"}],"version-history":[{"count":1,"href":"https:\/\/www.cronacaonline.it\/index.php\/wp-json\/wp\/v2\/posts\/214548\/revisions"}],"predecessor-version":[{"id":214549,"href":"https:\/\/www.cronacaonline.it\/index.php\/wp-json\/wp\/v2\/posts\/214548\/revisions\/214549"}],"wp:featuredmedia":[{"embeddable":true,"href":"https:\/\/www.cronacaonline.it\/index.php\/wp-json\/wp\/v2\/media\/211876"}],"wp:attachment":[{"href":"https:\/\/www.cronacaonline.it\/index.php\/wp-json\/wp\/v2\/media?parent=214548"}],"wp:term":[{"taxonomy":"category","embeddable":true,"href":"https:\/\/www.cronacaonline.it\/index.php\/wp-json\/wp\/v2\/categories?post=214548"},{"taxonomy":"post_tag","embeddable":true,"href":"https:\/\/www.cronacaonline.it\/index.php\/wp-json\/wp\/v2\/tags?post=214548"}],"curies":[{"name":"wp","href":"https:\/\/api.w.org\/{rel}","templated":true}]}}