{"id":214512,"date":"2021-11-20T17:09:10","date_gmt":"2021-11-20T16:09:10","guid":{"rendered":"https:\/\/www.cronacaonline.it\/?p=214512"},"modified":"2021-11-20T17:09:12","modified_gmt":"2021-11-20T16:09:12","slug":"fiera-agricoltura-lassessora-anita-pili-abbattere-costi-energia-per-imprese-agricole-e-zootecniche","status":"publish","type":"post","link":"https:\/\/www.cronacaonline.it\/index.php\/2021\/11\/20\/fiera-agricoltura-lassessora-anita-pili-abbattere-costi-energia-per-imprese-agricole-e-zootecniche\/","title":{"rendered":"Fiera agricoltura, l&#8217;assessora Anita Pili: abbattere costi energia per imprese agricole e zootecniche."},"content":{"rendered":"\n<p>Cagliari, 20 Nov 2021 -\u00a0La prima comunit\u00e0 energetica agricola regionale potrebbe nascere ad Arborea. Stamattina in occasione dell\u2019inaugurazione della Fiera dell\u2019Agricoltura, l\u2019assessora regionale all\u2019industria Anita Pili, insieme alla Sindaca di Arborea Manuela Pintus, si \u00e8 confrontata sulla possibilit\u00e0 di organizzare un sistema energetico locale che consenta di abbattere i costi dell\u2019energia per gli operatori. In particolare, ha sottolineato Anita Pili, dovr\u00e0 essere garantito un supporto sull\u2019infrastruttura di rete che oggi non consente la massima potenzialit\u00e0 della rete elettrica cittadina.<\/p>\n\n\n\n<p>\u00c8 fondamentale in questo momento storico riuscire a catturare tutte le risorse a disposizione per consentire agli operatori locali di essere non soltanto consumatori, ma produttori di energia, creando anche l\u2019opportunit\u00e0 di un reddito aggiuntivo per le imprese che oltre ad abbattere i costi ordinari dell\u2019energia, potrebbero avere una fonte integrativa di reddito, ha detto l'assessora. I nostri territori e le nostre imprese, per tipologia e localizzazione, possono cogliere opportunit\u00e0 importanti in materia energetica. Dobbiamo quindi essere pronti con una progettualit\u00e0 di sistema che garantisca la copertura finanziaria di progetti ambiziosi per le nostre comunit\u00e0.<\/p>\n\n\n\n<figure class=\"wp-block-image size-large is-resized\"><img loading=\"lazy\" src=\"https:\/\/www.cronacaonline.it\/wp-content\/uploads\/2021\/11\/fiera-agricoltura-con-Anita-Pili.jpg\" alt=\"\" class=\"wp-image-214513\" width=\"742\" height=\"742\" srcset=\"https:\/\/www.cronacaonline.it\/wp-content\/uploads\/2021\/11\/fiera-agricoltura-con-Anita-Pili.jpg 400w, https:\/\/www.cronacaonline.it\/wp-content\/uploads\/2021\/11\/fiera-agricoltura-con-Anita-Pili-300x300.jpg 300w, https:\/\/www.cronacaonline.it\/wp-content\/uploads\/2021\/11\/fiera-agricoltura-con-Anita-Pili-150x150.jpg 150w\" sizes=\"(max-width: 742px) 100vw, 742px\" \/><\/figure>\n\n\n\n<p>La manifestazione \u00e8 stata anche l\u2019occasione per incontrare gli studenti della scuola secondaria e gli universitari, e per veicolare un messaggio di sostegno e incoraggiamento verso lo studio e la competenza, che rappresentano gli elementi qualificanti del nostro sistema socio economico, ha concluso l'assessora Pili. Com<\/p>\n","protected":false},"excerpt":{"rendered":"<p>Cagliari, 20 Nov 2021 &#8211;\u00a0La prima comunit\u00e0 energetica agricola regionale potrebbe nascere ad Arborea. Stamattina in occasione dell\u2019inaugurazione della Fiera dell\u2019Agricoltura, l\u2019assessora regionale all\u2019industria Anita&#8230;<\/p>\n","protected":false},"author":2,"featured_media":214514,"comment_status":"closed","ping_status":"open","sticky":false,"template":"","format":"standard","meta":[],"categories":[49,52],"tags":[],"_links":{"self":[{"href":"https:\/\/www.cronacaonline.it\/index.php\/wp-json\/wp\/v2\/posts\/214512"}],"collection":[{"href":"https:\/\/www.cronacaonline.it\/index.php\/wp-json\/wp\/v2\/posts"}],"about":[{"href":"https:\/\/www.cronacaonline.it\/index.php\/wp-json\/wp\/v2\/types\/post"}],"author":[{"embeddable":true,"href":"https:\/\/www.cronacaonline.it\/index.php\/wp-json\/wp\/v2\/users\/2"}],"replies":[{"embeddable":true,"href":"https:\/\/www.cronacaonline.it\/index.php\/wp-json\/wp\/v2\/comments?post=214512"}],"version-history":[{"count":1,"href":"https:\/\/www.cronacaonline.it\/index.php\/wp-json\/wp\/v2\/posts\/214512\/revisions"}],"predecessor-version":[{"id":214515,"href":"https:\/\/www.cronacaonline.it\/index.php\/wp-json\/wp\/v2\/posts\/214512\/revisions\/214515"}],"wp:featuredmedia":[{"embeddable":true,"href":"https:\/\/www.cronacaonline.it\/index.php\/wp-json\/wp\/v2\/media\/214514"}],"wp:attachment":[{"href":"https:\/\/www.cronacaonline.it\/index.php\/wp-json\/wp\/v2\/media?parent=214512"}],"wp:term":[{"taxonomy":"category","embeddable":true,"href":"https:\/\/www.cronacaonline.it\/index.php\/wp-json\/wp\/v2\/categories?post=214512"},{"taxonomy":"post_tag","embeddable":true,"href":"https:\/\/www.cronacaonline.it\/index.php\/wp-json\/wp\/v2\/tags?post=214512"}],"curies":[{"name":"wp","href":"https:\/\/api.w.org\/{rel}","templated":true}]}}