{"id":214508,"date":"2021-11-20T16:58:53","date_gmt":"2021-11-20T15:58:53","guid":{"rendered":"https:\/\/www.cronacaonline.it\/?p=214508"},"modified":"2021-11-20T16:58:54","modified_gmt":"2021-11-20T15:58:54","slug":"lassessora-gabriella-murgia-alla-fiera-dellagricoltura-di-arborea-la-regione-impegnata-nel-rilancio-di-un-settore-strategico","status":"publish","type":"post","link":"https:\/\/www.cronacaonline.it\/index.php\/2021\/11\/20\/lassessora-gabriella-murgia-alla-fiera-dellagricoltura-di-arborea-la-regione-impegnata-nel-rilancio-di-un-settore-strategico\/","title":{"rendered":"L&#8217;assessora Gabriella Murgia alla fiera dell&#8217;agricoltura di Arborea: la regione impegnata nel rilancio di un settore strategico."},"content":{"rendered":"\n<p>Cagliari, 20 Nov 2021 -\u00a0L'assessora dell'agricoltura Gabriella Murgia ha partecipato all'inaugurazione della Fiera dell\u2019Agricoltura di Arborea, che quest\u2019anno ospita la 37^ edizione della Mostra Regionale dei Bovini di razza Frisona e la Mostra Mercato di macchine e componenti per l\u2019Agricoltura.\u00a0<\/p>\n\n\n\n<p>La Giunta Regionale, ha detto l'assessora, ha creduto fortemente in questa manifestazione quale occasione di incontro, confronto ed esposizione delle nostre migliori eccellenze. La fiera di Arborea offre infatti una visione a 360 gradi della realt\u00e0 agrozootecnica della Sardegna. Non era facile dopo due anni di crisi pandemica, ha proseguito Gabriella Murgia, mettere in piedi un evento cos\u00ec ambizioso che segna un momento di rilancio di tutto il settore e che vuole dare un segnale a tutto il comparto. Per questo, ha detto, mi congratulo con gli organizzatori, le istituzioni coinvolte, gli operatori.<\/p>\n\n\n\n<p>Voglio esprimere la vicinanza e portare il saluti del Governatore Christian Solinas e dire a tutti voi che la Regione Sardegna vede il mondo dell\u2019Agricoltura come un settore strategico per il rilancio dell\u2019intera Isola. Questo sar\u00e0 evidente gi\u00e0 nella prossima programmazione del PSR e nei progetti di rilancio del Piano Nazionale di Ripresa e Resilienza (PNNR) che vedranno la Regione Sardegna protagonista. Proprio per questo abbiamo bisogno di un confronto continuo tra istituzioni, associazioni di categoria, operatori per aprire un dibattito su sostenibilit\u00e0, benessere animale e digitalizzazione dei percorsi, per una agricoltura moderna e aperta alle sfide del mercato globale. Cos\u00ec come va rafforzato il rapporto con il consumatore che ci chiede sempre di pi\u00f9 sicurezza alimentare, qualit\u00e0 delle produzioni ed eticit\u00e0; elementi sempre pi\u00f9 presenti nelle nostre filiere, che il consumatore deve conoscere.<\/p>\n\n\n\n<p>Dobbiamo rafforzare le azioni di etichettatura e tracciabilit\u00e0 delle produzioni, i controlli funzionali e l\u2019attivit\u00e0 selettiva, i premi comunitari all\u2019assistenza tecnica, la partecipazione a manifestazioni zootecniche, l\u2019incentivazione dei giovani allevatori. La zootecnia, ha proseguito l'assessora, va potenziata e rilanciata per il suo ruolo fondamentale nella tenuta dell\u2019economia locale, attraverso una nuova strategia che faccia perno su alcuni elementi imprescindibili: diversificazione, innovazione e sostenibilit\u00e0, attenzione al benessere animale ed alle risorse ambientali, inclusivit\u00e0 sociale. E bisogna partire da iniziative come questa, ha concluso Gabriella Murgia, che danno nuova forza al territorio e fanno emergere tutte le potenzialit\u00e0 dei nostri operatori. Com<\/p>\n","protected":false},"excerpt":{"rendered":"<p>Cagliari, 20 Nov 2021 &#8211;\u00a0L&#8217;assessora dell&#8217;agricoltura Gabriella Murgia ha partecipato all&#8217;inaugurazione della Fiera dell\u2019Agricoltura di Arborea, che quest\u2019anno ospita la 37^ edizione della Mostra Regionale&#8230;<\/p>\n","protected":false},"author":2,"featured_media":175650,"comment_status":"closed","ping_status":"open","sticky":false,"template":"","format":"standard","meta":[],"categories":[49,52],"tags":[],"_links":{"self":[{"href":"https:\/\/www.cronacaonline.it\/index.php\/wp-json\/wp\/v2\/posts\/214508"}],"collection":[{"href":"https:\/\/www.cronacaonline.it\/index.php\/wp-json\/wp\/v2\/posts"}],"about":[{"href":"https:\/\/www.cronacaonline.it\/index.php\/wp-json\/wp\/v2\/types\/post"}],"author":[{"embeddable":true,"href":"https:\/\/www.cronacaonline.it\/index.php\/wp-json\/wp\/v2\/users\/2"}],"replies":[{"embeddable":true,"href":"https:\/\/www.cronacaonline.it\/index.php\/wp-json\/wp\/v2\/comments?post=214508"}],"version-history":[{"count":1,"href":"https:\/\/www.cronacaonline.it\/index.php\/wp-json\/wp\/v2\/posts\/214508\/revisions"}],"predecessor-version":[{"id":214509,"href":"https:\/\/www.cronacaonline.it\/index.php\/wp-json\/wp\/v2\/posts\/214508\/revisions\/214509"}],"wp:featuredmedia":[{"embeddable":true,"href":"https:\/\/www.cronacaonline.it\/index.php\/wp-json\/wp\/v2\/media\/175650"}],"wp:attachment":[{"href":"https:\/\/www.cronacaonline.it\/index.php\/wp-json\/wp\/v2\/media?parent=214508"}],"wp:term":[{"taxonomy":"category","embeddable":true,"href":"https:\/\/www.cronacaonline.it\/index.php\/wp-json\/wp\/v2\/categories?post=214508"},{"taxonomy":"post_tag","embeddable":true,"href":"https:\/\/www.cronacaonline.it\/index.php\/wp-json\/wp\/v2\/tags?post=214508"}],"curies":[{"name":"wp","href":"https:\/\/api.w.org\/{rel}","templated":true}]}}