{"id":214503,"date":"2021-11-20T13:24:26","date_gmt":"2021-11-20T12:24:26","guid":{"rendered":"https:\/\/www.cronacaonline.it\/?p=214503"},"modified":"2021-11-20T13:24:27","modified_gmt":"2021-11-20T12:24:27","slug":"politiche-sociali-nuovo-piano-regionale-dei-servizi-alla-persona-lassessore-nieddu-colmiamo-una-lacuna-che-dura-da-sedici-anni","status":"publish","type":"post","link":"https:\/\/www.cronacaonline.it\/index.php\/2021\/11\/20\/politiche-sociali-nuovo-piano-regionale-dei-servizi-alla-persona-lassessore-nieddu-colmiamo-una-lacuna-che-dura-da-sedici-anni\/","title":{"rendered":"Politiche sociali, nuovo piano regionale dei servizi alla persona. L\u2019assessore Nieddu: \u201ccolmiamo una lacuna che dura da sedici anni\u201d."},"content":{"rendered":"\n<p>Cagliari, 20 Nov 2021 -\u00a0Cagliari, 20 novembre 2021 \u2013 La Consulta regionale delle politiche sociali, l'organismo a cui partecipano i rappresentanti delle organizzazioni delle professioni sociali e sanitarie, nonch\u00e9 i rappresentanti del mondo del Terzo settore e dei sindacati, ha approvato il nuovo Piano dei servizi alla persona per il triennio 2021 \u2013 2023, predisposto dall\u2019assessore regionale dell\u2019Igiene, Sanit\u00e0 e dell\u2019Assistenza sociale, Mario Nieddu. Il documento, che rappresenta lo strumento di indirizzo, coordinamento e programmazione dei servizi sociali e socio-sanitari, inizier\u00e0 ora il suo iter in Giunta per poi approdare in Consiglio regionale.<\/p>\n\n\n\n<p>\u201cAbbiamo realizzato un Piano dei servizi sociali \u2013 dichiara l\u2019assessore Nieddu \u2013 che in Sardegna mancava da sedici anni. Lo abbiamo fatto partendo da un\u2019analisi che fotografa la situazione all\u2019interno del nostro territorio e quindi dai bisogni dei cittadini, mantenendo lo sguardo al futuro. Il nuovo Piano, in linea con il Programma regionale di sviluppo 2020 \u2013 2024, indica le priorit\u00e0 d\u2019azione, gli obiettivi e le risorse, in un sistema unitario che valorizza il ruolo dei Plus, dei Comuni e del Terzo settore e vuole portare innovazione per migliorare l\u2019efficacia e la fruibilit\u00e0 delle misure e dei servizi rivolti ai cittadini\u201d.<\/p>\n\n\n\n<p>Le priorit\u00e0 e gli obiettivi del Piano sono declinati su quattro pilastri: politiche per le famiglie (con azioni come l\u2019attivazione dei centri per la famiglia per la promozione del benessere familiare, interventi di contrasto alla povert\u00e0, conciliazione vita lavoro, contributi per l\u2019accesso ai servizi per la prima infanzia, contrasto al disagio giovanile e politiche a favore degli anziani); interventi di contrasto alla povert\u00e0 e per la non autosufficienza (tra cui la riforma delle leggi di settore, la creazione di percorsi di presa in carico e accompagnamento all\u2019autonomia per i pazienti psichiatrici, la dotazione di tecnologia domotica alle persone con disabilit\u00e0, l\u2019avvio dei nuovi avvisi Includis, la programmazione e accreditamento delle strutture sociali e sociosanitarie per disabili e anziani e l\u2019implementazione del sistema informativo per la gestione delle dimissioni protette); Inclusione sociale (con misure che prevedono l\u2019inclusione attiva dei soggetti fragili, politiche per le pari opportunit\u00e0 e di contrasto alla violenza sulle donne e programmazione e accreditamento di strutture sociali e sociosanitarie per minori); riforma del terzo settore (con il potenziamento del sistema integrato dei servizi sociali, attivazione dell\u2019Ufficio regionale del Registro Unico Nazionale del Terzo Settore, supporto agli enti del Terzo Settore per la programmazione e l\u2019accesso alle risorse).<\/p>\n\n\n\n<p>Una parte rilevante del Piano riguarda gli interventi per la non autosufficienza e l\u2019assistenza domiciliare, dove le risorse programmate ammontano a oltre 740 milioni di euro nel triennio: \u201cIl sostegno ai pi\u00f9 fragili e alle loro famiglie resta una priorit\u00e0 che continuiamo a perseguire con forza\u201d, dichiara l\u2019assessore Nieddu.<\/p>\n\n\n\n<p>\u201cNegli ultimi due anni \u2013 precisa l\u2019esponente della Giunta Solinas \u2013 la pandemia ha avuto un forte impatto non solo sanitario, ma anche sociale, con un aumento delle povert\u00e0 e dei bisogni delle fasce pi\u00f9 deboli della popolazione. Per le famiglie, gli anziani e le persone con disabilit\u00e0 abbiamo messo in campo misure importanti anche sotto il profilo delle risorse, come il sostegno alle rette dei nidi per 16,5 milioni di euro nel triennio in corso o i progetti del Reis per il contrasto della povert\u00e0 e l\u2019inclusione sociale per cui le risorse programmate ammontano a 58 milioni. Nell\u2019ambito dei servizi alla persona \u2013 conclude l\u2019assessore \u2013 abbiamo programmato oltre 63 milioni di euro nel triennio da ripartire sui Plus per garantire i Livelli essenziali delle prestazioni (LEP) connessi ai diritti all\u2019istruzione, alla salute, alla mobilit\u00e0 e all\u2019assistenza sociale\u201d. Com<\/p>\n","protected":false},"excerpt":{"rendered":"<p>Cagliari, 20 Nov 2021 &#8211;\u00a0Cagliari, 20 novembre 2021 \u2013 La Consulta regionale delle politiche sociali, l&#8217;organismo a cui partecipano i rappresentanti delle organizzazioni delle professioni&#8230;<\/p>\n","protected":false},"author":2,"featured_media":209129,"comment_status":"closed","ping_status":"open","sticky":false,"template":"","format":"standard","meta":[],"categories":[49,52],"tags":[],"_links":{"self":[{"href":"https:\/\/www.cronacaonline.it\/index.php\/wp-json\/wp\/v2\/posts\/214503"}],"collection":[{"href":"https:\/\/www.cronacaonline.it\/index.php\/wp-json\/wp\/v2\/posts"}],"about":[{"href":"https:\/\/www.cronacaonline.it\/index.php\/wp-json\/wp\/v2\/types\/post"}],"author":[{"embeddable":true,"href":"https:\/\/www.cronacaonline.it\/index.php\/wp-json\/wp\/v2\/users\/2"}],"replies":[{"embeddable":true,"href":"https:\/\/www.cronacaonline.it\/index.php\/wp-json\/wp\/v2\/comments?post=214503"}],"version-history":[{"count":1,"href":"https:\/\/www.cronacaonline.it\/index.php\/wp-json\/wp\/v2\/posts\/214503\/revisions"}],"predecessor-version":[{"id":214504,"href":"https:\/\/www.cronacaonline.it\/index.php\/wp-json\/wp\/v2\/posts\/214503\/revisions\/214504"}],"wp:featuredmedia":[{"embeddable":true,"href":"https:\/\/www.cronacaonline.it\/index.php\/wp-json\/wp\/v2\/media\/209129"}],"wp:attachment":[{"href":"https:\/\/www.cronacaonline.it\/index.php\/wp-json\/wp\/v2\/media?parent=214503"}],"wp:term":[{"taxonomy":"category","embeddable":true,"href":"https:\/\/www.cronacaonline.it\/index.php\/wp-json\/wp\/v2\/categories?post=214503"},{"taxonomy":"post_tag","embeddable":true,"href":"https:\/\/www.cronacaonline.it\/index.php\/wp-json\/wp\/v2\/tags?post=214503"}],"curies":[{"name":"wp","href":"https:\/\/api.w.org\/{rel}","templated":true}]}}