{"id":214468,"date":"2021-11-19T19:05:26","date_gmt":"2021-11-19T18:05:26","guid":{"rendered":"https:\/\/www.cronacaonline.it\/?p=214468"},"modified":"2021-11-19T19:05:28","modified_gmt":"2021-11-19T18:05:28","slug":"mercoledi-prossimo-24-novembre-rinnovo-dellufficio-di-presidenza-e-delle-commissioni-permanenti-del-consiglio-regionale","status":"publish","type":"post","link":"https:\/\/www.cronacaonline.it\/index.php\/2021\/11\/19\/mercoledi-prossimo-24-novembre-rinnovo-dellufficio-di-presidenza-e-delle-commissioni-permanenti-del-consiglio-regionale\/","title":{"rendered":"Mercoled\u00ec prossimo 24 novembre rinnovo dell\u2019Ufficio di presidenza e delle commissioni permanenti del Consiglio regionale."},"content":{"rendered":"\n<p>Cagliari, 19 Nov 2021 \u2013 Mercoled\u00ec prossimo 24 novembre il Consiglio regionale proceder\u00e0 al rinnovo dei suoi organi, in linea con la scadenza di met\u00e0 legislatura.<\/p>\n\n\n\n<p>Per la mattina alle 11.00 \u00e8 fissata l\u2019elezione dei componenti dell\u2019Ufficio di presidenza mentre, nel pomeriggio alle 16.00, sar\u00e0 la volta delle commissioni permanenti. Le sedute si svolgeranno nell\u2019aula della commissione Bilancio.<\/p>\n","protected":false},"excerpt":{"rendered":"<p>Cagliari, 19 Nov 2021 \u2013 Mercoled\u00ec prossimo 24 novembre il Consiglio regionale proceder\u00e0 al rinnovo dei suoi organi, in linea con la scadenza di met\u00e0&#8230;<\/p>\n","protected":false},"author":2,"featured_media":192512,"comment_status":"closed","ping_status":"open","sticky":false,"template":"","format":"standard","meta":[],"categories":[49,52],"tags":[],"_links":{"self":[{"href":"https:\/\/www.cronacaonline.it\/index.php\/wp-json\/wp\/v2\/posts\/214468"}],"collection":[{"href":"https:\/\/www.cronacaonline.it\/index.php\/wp-json\/wp\/v2\/posts"}],"about":[{"href":"https:\/\/www.cronacaonline.it\/index.php\/wp-json\/wp\/v2\/types\/post"}],"author":[{"embeddable":true,"href":"https:\/\/www.cronacaonline.it\/index.php\/wp-json\/wp\/v2\/users\/2"}],"replies":[{"embeddable":true,"href":"https:\/\/www.cronacaonline.it\/index.php\/wp-json\/wp\/v2\/comments?post=214468"}],"version-history":[{"count":1,"href":"https:\/\/www.cronacaonline.it\/index.php\/wp-json\/wp\/v2\/posts\/214468\/revisions"}],"predecessor-version":[{"id":214469,"href":"https:\/\/www.cronacaonline.it\/index.php\/wp-json\/wp\/v2\/posts\/214468\/revisions\/214469"}],"wp:featuredmedia":[{"embeddable":true,"href":"https:\/\/www.cronacaonline.it\/index.php\/wp-json\/wp\/v2\/media\/192512"}],"wp:attachment":[{"href":"https:\/\/www.cronacaonline.it\/index.php\/wp-json\/wp\/v2\/media?parent=214468"}],"wp:term":[{"taxonomy":"category","embeddable":true,"href":"https:\/\/www.cronacaonline.it\/index.php\/wp-json\/wp\/v2\/categories?post=214468"},{"taxonomy":"post_tag","embeddable":true,"href":"https:\/\/www.cronacaonline.it\/index.php\/wp-json\/wp\/v2\/tags?post=214468"}],"curies":[{"name":"wp","href":"https:\/\/api.w.org\/{rel}","templated":true}]}}