{"id":214432,"date":"2021-11-18T17:35:45","date_gmt":"2021-11-18T16:35:45","guid":{"rendered":"https:\/\/www.cronacaonline.it\/?p=214432"},"modified":"2021-11-18T17:35:46","modified_gmt":"2021-11-18T16:35:46","slug":"ospedale-san-francesco-di-nuoro-lassessore-nieddu-la-continuita-della-cardiologia-non-e-in-discussione","status":"publish","type":"post","link":"https:\/\/www.cronacaonline.it\/index.php\/2021\/11\/18\/ospedale-san-francesco-di-nuoro-lassessore-nieddu-la-continuita-della-cardiologia-non-e-in-discussione\/","title":{"rendered":"Ospedale San Francesco Di Nuoro, l\u2019assessore Nieddu: \u201cla continuit\u00e0 della cardiologia non \u00e8 in discussione\u201d."},"content":{"rendered":"\n<p>Cagliari, 18 Nov 2021\u00a0- \u201cLa continuit\u00e0 operativa del reparto di cardiologia dell\u2019ospedale San Francesco di Nuoro non \u00e8 mai stata in discussione\u201d. Lo dichiara l\u2019assessore regionale della Sanit\u00e0, Mario Nieddu, che risponde cos\u00ec all\u2019ipotesi di chiusura riportata dagli organi di stampa nelle ultime ore. \u201cOggi \u2013 prosegue l\u2019assessore \u2013 anche nel caso di avvicendamenti tra il personale, l\u2019operativit\u00e0 \u00e8 garantita da accordi con altre aziende sanitarie e altri ospedali e, in caso di necessit\u00e0, continueremo ad attivare ogni soluzione per impedire qualsiasi tipo di interruzione\u201d.<\/p>\n\n\n\n<p>\u201cLa carenza di specialisti investe l\u2019intero territorio regionale \u2013 precisa l\u2019esponente della Giunta \u2013 e in questa situazione, per rispondere alle diverse emergenze che possono verificarsi ovunque, la nostra sanit\u00e0 deve agire in una logica di sistema attraverso la condivisione delle risorse. In questo senso chiunque abbia la possibilit\u00e0 di farlo deve intervenire in aiuto di chi si trova in difficolt\u00e0\u201d.<\/p>\n\n\n\n<p>\u201cPi\u00f9 volte siamo intervenuti in questo senso. Per fare un esempio, sempre a Nuoro, gli ortopedici dell\u2019ospedale di Tempio stanno garantendo sessanta ore settimanali, dando cos\u00ec un importante supporto sia all\u2019attivit\u00e0 ambulatoriale, sia a quella operatoria. Viceversa gli anestesisti del San Francesco stanno prestando servizio all\u2019ospedale Gallurese. Per rafforzare questa impostazione \u2013 dichiara l\u2019assessore \u2013 stiamo mettendo in campo ogni strumento a nostra disposizione e, in accordo con le altre Regioni, vogliamo chiedere al governo, anche attraverso le deroghe, di fornirci gli strumenti necessari ad agevolare questi meccanismi\u201d.<\/p>\n\n\n\n<p>\u201cSi tratta di soluzioni emergenziali \u2013 conclude l\u2019assessore \u2013 per dare risposte immediate. L\u2019ospedale San Francesco svolge un ruolo irrinunciabile, non solo per il territorio di riferimento, ma per tutta la Sardegna. Il rilancio dell\u2019ospedale, anche attraverso gli incentivi alle assunzioni, \u00e8 una delle nostre priorit\u00e0\u201d. Com<\/p>\n","protected":false},"excerpt":{"rendered":"<p>Cagliari, 18 Nov 2021\u00a0&#8211; \u201cLa continuit\u00e0 operativa del reparto di cardiologia dell\u2019ospedale San Francesco di Nuoro non \u00e8 mai stata in discussione\u201d. Lo dichiara l\u2019assessore&#8230;<\/p>\n","protected":false},"author":2,"featured_media":209129,"comment_status":"closed","ping_status":"open","sticky":false,"template":"","format":"standard","meta":[],"categories":[49,52],"tags":[],"_links":{"self":[{"href":"https:\/\/www.cronacaonline.it\/index.php\/wp-json\/wp\/v2\/posts\/214432"}],"collection":[{"href":"https:\/\/www.cronacaonline.it\/index.php\/wp-json\/wp\/v2\/posts"}],"about":[{"href":"https:\/\/www.cronacaonline.it\/index.php\/wp-json\/wp\/v2\/types\/post"}],"author":[{"embeddable":true,"href":"https:\/\/www.cronacaonline.it\/index.php\/wp-json\/wp\/v2\/users\/2"}],"replies":[{"embeddable":true,"href":"https:\/\/www.cronacaonline.it\/index.php\/wp-json\/wp\/v2\/comments?post=214432"}],"version-history":[{"count":1,"href":"https:\/\/www.cronacaonline.it\/index.php\/wp-json\/wp\/v2\/posts\/214432\/revisions"}],"predecessor-version":[{"id":214433,"href":"https:\/\/www.cronacaonline.it\/index.php\/wp-json\/wp\/v2\/posts\/214432\/revisions\/214433"}],"wp:featuredmedia":[{"embeddable":true,"href":"https:\/\/www.cronacaonline.it\/index.php\/wp-json\/wp\/v2\/media\/209129"}],"wp:attachment":[{"href":"https:\/\/www.cronacaonline.it\/index.php\/wp-json\/wp\/v2\/media?parent=214432"}],"wp:term":[{"taxonomy":"category","embeddable":true,"href":"https:\/\/www.cronacaonline.it\/index.php\/wp-json\/wp\/v2\/categories?post=214432"},{"taxonomy":"post_tag","embeddable":true,"href":"https:\/\/www.cronacaonline.it\/index.php\/wp-json\/wp\/v2\/tags?post=214432"}],"curies":[{"name":"wp","href":"https:\/\/api.w.org\/{rel}","templated":true}]}}