{"id":214420,"date":"2021-11-18T12:37:31","date_gmt":"2021-11-18T11:37:31","guid":{"rendered":"https:\/\/www.cronacaonline.it\/?p=214420"},"modified":"2021-11-18T12:37:32","modified_gmt":"2021-11-18T11:37:32","slug":"bando-mobilita-per-i-medici-in-40-chiedono-di-trasferirsi-in-sardegna","status":"publish","type":"post","link":"https:\/\/www.cronacaonline.it\/index.php\/2021\/11\/18\/bando-mobilita-per-i-medici-in-40-chiedono-di-trasferirsi-in-sardegna\/","title":{"rendered":"Bando mobilit\u00e0 per i medici: in 40 chiedono di trasferirsi in Sardegna."},"content":{"rendered":"\n<p>Cagliari, 18 Nov 2021 -\u00a0Oltre 40 medici, residenti fuori Sardegna, chiedono di trasferirsi nell\u2019Isola. E\u2019 il primo contingente che ha aderito al bando della mobilit\u00e0 a livello nazionale aperto dalla Regione per tutte le figure sanitarie, nel quale sono disponibili 166 posti per le strutture pubbliche, ospedali e medicina territoriale.<\/p>\n\n\n\n<p>Soddisfatto il Presidente della Regione Christian Solinas. Stiamo utilizzando tutti i mezzi a nostra disposizione, dice il Presidente, per colmare i gravissimi vuoti di organico causati, negli anni passati, da una politica di tagli decisamente sbagliata e dal blocco del turn over, che ha determinato un costante ed inesorabile depauperamento degli organici in tutti i settori sanitari e ospedalieri.<\/p>\n\n\n\n<p>Tutto ci\u00f2 che \u00e8 nelle competenze della Regione, prosegue il Presidente, verr\u00e0 realizzato per restituire alla sanit\u00e0 pubblica quel livello occupazionale che \u00e8 la prerogativa essenziale per la qualit\u00e0 del servizio erogato ai cittadini.&nbsp;<\/p>\n\n\n\n<p>La destinazione del nuovo personale terr\u00e0 conto delle discipline di provenienza e delle necessit\u00e0 organizzative di Ats.<\/p>\n","protected":false},"excerpt":{"rendered":"<p>Cagliari, 18 Nov 2021 &#8211;\u00a0Oltre 40 medici, residenti fuori Sardegna, chiedono di trasferirsi nell\u2019Isola. E\u2019 il primo contingente che ha aderito al bando della mobilit\u00e0&#8230;<\/p>\n","protected":false},"author":2,"featured_media":197574,"comment_status":"closed","ping_status":"open","sticky":false,"template":"","format":"standard","meta":[],"categories":[49,52],"tags":[],"_links":{"self":[{"href":"https:\/\/www.cronacaonline.it\/index.php\/wp-json\/wp\/v2\/posts\/214420"}],"collection":[{"href":"https:\/\/www.cronacaonline.it\/index.php\/wp-json\/wp\/v2\/posts"}],"about":[{"href":"https:\/\/www.cronacaonline.it\/index.php\/wp-json\/wp\/v2\/types\/post"}],"author":[{"embeddable":true,"href":"https:\/\/www.cronacaonline.it\/index.php\/wp-json\/wp\/v2\/users\/2"}],"replies":[{"embeddable":true,"href":"https:\/\/www.cronacaonline.it\/index.php\/wp-json\/wp\/v2\/comments?post=214420"}],"version-history":[{"count":1,"href":"https:\/\/www.cronacaonline.it\/index.php\/wp-json\/wp\/v2\/posts\/214420\/revisions"}],"predecessor-version":[{"id":214421,"href":"https:\/\/www.cronacaonline.it\/index.php\/wp-json\/wp\/v2\/posts\/214420\/revisions\/214421"}],"wp:featuredmedia":[{"embeddable":true,"href":"https:\/\/www.cronacaonline.it\/index.php\/wp-json\/wp\/v2\/media\/197574"}],"wp:attachment":[{"href":"https:\/\/www.cronacaonline.it\/index.php\/wp-json\/wp\/v2\/media?parent=214420"}],"wp:term":[{"taxonomy":"category","embeddable":true,"href":"https:\/\/www.cronacaonline.it\/index.php\/wp-json\/wp\/v2\/categories?post=214420"},{"taxonomy":"post_tag","embeddable":true,"href":"https:\/\/www.cronacaonline.it\/index.php\/wp-json\/wp\/v2\/tags?post=214420"}],"curies":[{"name":"wp","href":"https:\/\/api.w.org\/{rel}","templated":true}]}}