{"id":214412,"date":"2021-11-18T11:35:32","date_gmt":"2021-11-18T10:35:32","guid":{"rendered":"https:\/\/www.cronacaonline.it\/?p=214412"},"modified":"2021-11-18T11:35:33","modified_gmt":"2021-11-18T10:35:33","slug":"coronavirus-in-7-giorni-casi-32-ma-tengono-ricoveri-15-e-intensive-14-grazie-ai-vaccini","status":"publish","type":"post","link":"https:\/\/www.cronacaonline.it\/index.php\/2021\/11\/18\/coronavirus-in-7-giorni-casi-32-ma-tengono-ricoveri-15-e-intensive-14-grazie-ai-vaccini\/","title":{"rendered":"Coronavirus &#8211; In 7 giorni casi +32%, ma tengono ricoveri +15% e intensive +14% grazie ai vaccini."},"content":{"rendered":"\n<p>Roma, 18 Nov 2021 - Negli ultimi sette giorni aumentano i nuovi casi Covid (54.370 contro i 41.091 di una settimana fa) e i decessi (402 vs 330).<\/p>\n\n\n\n<p>\u00c8 quanto emerge dal monitoraggio indipendente della Fondazione Gimbe che ha fatto il raffronto tra la settimana 10-16 novembre 2021 e quella precedente.<\/p>\n\n\n\n<p>In salita anche i casi attualmente positivi (123.396 vs 100.205), il numero delle persone in isolamento domiciliare (118.945 vs 96.348), dei ricoveri con sintomi (3.970 vs 3.436) e delle terapie intensive (481 vs 421).<\/p>\n\n\n\n<p>In dettaglio, rispetto alla settimana precedente, si registrano: decessi: 402 (+21,8%), di cui 28 riferiti a periodi precedenti; terapia intensiva: +60 (+14,3%); ricoverati con sintomi: +534 (+15,5%); isolamento domiciliare: +22.597 (+23,5%); nuovi casi: 54.370 (+32,3%); casi attualmente positivi: +23.191 (+23,1%).<\/p>\n\n\n\n<p>\"Per la quarta settimana consecutiva - dichiara Nino Cartabellotta, presidente di Gimbe - si conferma a livello nazionale un incremento dei nuovi casi settimanali (+32,3%) come documenta anche la media mobile a 7 giorni, che in un mese \u00e8 triplicata: da 2.456 il 15 ottobre a 7.767 il 16 novembre\".<\/p>\n\n\n\n<p>Nelle ultime 4 settimane l'aumento della circolazione virale \u00e8 ben documentato dall'incremento sia del rapporto positivi\/persone testate (da 3,6% a 12,7%), sia del rapporto positivi\/tamponi molecolari (da 2,4% a 5,8%) e positivi\/tamponi antigenici rapidi (da 0,07% a 0,21%). In tutte le Regioni tranne Calabria e Umbria si rileva un incremento percentuale dei nuovi casi, con variazioni che vanno dal 0,7% della Regione Puglia al 180% della Valle d'Aosta.<\/p>\n\n\n\n<p>In 84 Province si registra un'incidenza pari o superiore a 50 casi per 100.000 abitanti: in Campania, Friuli-Venezia Giulia, Lazio, Liguria, Marche, Umbria e Veneto tutte le Province raggiungono o superano tale soglia. In 7 Province si contano oltre 150 casi per 100.000 abitanti: Trieste (638), Bolzano (402), Gorizia (369), La Spezia (248), Forl\u00ec-Cesena (219), Padova (179) e Vicenza (152).<\/p>\n\n\n\n<p>\"Di fronte a questi numeri - conclude Cartabellotta - \u00e8 inaccettabile che gli amministratori non abbiano introdotto restrizioni locali, seppur impopolari, accettando il rischio che la diffusione del contagio trascini l'intera Regione in zona gialla\".<\/p>\n\n\n\n<p>\"Sul fronte ospedaliero si registra un ulteriore incremento dei posti letto occupati da pazienti Covid: rispetto alla settimana precedente +15,5% in area medica e +14,3% in terapia intensiva\". Lo sottolinea Renata Gili, responsabile Ricerca sui Servizi Sanitari della Fondazione Gimbe, alla luce dell'ultimo monitoraggio settimanale.<\/p>\n\n\n\n<p>In termini assoluti, il numero di pazienti Covid in area medica \u00e8 aumentato da 2.371 del 16 ottobre a 3.970 del 16 novembre (+67,4%) e quello nelle terapie intensive da 338 del 25 ottobre a 481 del 16 novembre (+42,3%). A livello nazionale il tasso di occupazione \u00e8 del 7% in area medica e del 5% in area critica, con notevoli differenze regionali: nessuna Regione supera la soglia del 15% per l'area medica, mentre Friuli-Venezia Giulia (14%) e Marche (10,1%) superano quella del 10% per l'area critica.<\/p>\n\n\n\n<p>\"Gli ingressi giornalieri in terapia intensiva - puntualizza Marco Mosti, Direttore Operativo di Gimbe - continuano ad aumentare: la media mobile a 7 giorni \u00e8 passata da 34 ingressi\/die della settimana precedente a 38\".<\/p>\n\n\n\n<p>Solo il Friuli-Venezia Giulia e la Provincia Autonoma di Bolzano sono molto vicini alla zona gialla visto che, oltre all'incidenza settimanale )50 casi per 100.000 abitanti, presentano entrambi i tassi di occupazione ospedaliera superiori o prossimi alle soglie del 15% in area medica e del 10% in terapia intensiva.<\/p>\n\n\n\n<p>\"Bisogna tenere conto - sottolinea Nino Cartabellotta, presidente di Gimbe - che l'attuale sistema per l'assegnazione dei colori alle Regioni \u00e8 stato elaborato quando non esistevano dati sul declino della copertura vaccinale, n\u00e9 sulla necessit\u00e0 della terza dose. Con queste regole, durante i mesi invernali di aumentata circolazione virale, nelle Regioni con coperture vaccinali pi\u00f9 basse e\/o in ritardo sulla somministrazione della terza dose c'\u00e8 il rischio di sovraccaricare gli ospedali senza cambiare colore; anche perch\u00e9 le Regioni hanno la possibilit\u00e0 di aumentare i posti letto disponibili, sottraendoli ad altri malati, o dimettere pazienti COVID in strutture private\".<\/p>\n\n\n\n<p>\"Nello scenario attuale caratterizzato dal progressivo aumento della circolazione virale e dalla riduzione dell'efficacia vaccinale che impone la dose di richiamo, sono due le decisioni politiche che possono minimizzare il rischio di misure restrittive\". \u00c8 la proposta lanciata da Nino Cartabellotta, presidente della Fondazione Gimbe alla luce dell'ultimo monitoraggio settimanale.<\/p>\n\n\n\n<p>\"La prima - spiega - \u00e8 ridurre a 6 mesi la validit\u00e0 del green pass rilasciato a seguito di vaccinazione, in linea con le evidenze scientifiche sulla durata della protezione vaccinale e con le indicazioni per la dose di richiamo. La seconda \u00e8 introdurre l'obbligo vaccinale sia per il ciclo primario, sia per la dose booster, almeno per tutte le categorie di lavoratori a contatto con il pubblico. Invece, non convince affatto il \"super green pass\" sul modello austriaco, di fatto un \"surrogato\" dell'obbligo vaccinale: escludere il tampone dalle modalit\u00e0 per il rilascio della certificazione verde - pur identificando le attivit\u00e0 essenziali per le quali tale opzione rimarrebbe valida - rischia solo di aumentare le tensioni sociali senza alcuna garanzia di aumentare coperture vaccinali e adesione alla terza dose\", conclude Cartabellotta.&nbsp;<\/p>\n\n\n\n<p>Alla giornata di ieri sono state somministrate 3.269.468 terze dosi di cui 534.029 dosi aggiuntive e 2.735.439 di dosi booster, con una media mobile a 7 giorni che sfiora 120 mila somministrazioni. Il tasso nazionale di copertura vaccinale per le dosi aggiuntive \u00e8 del 59,6% con nette differenze regionali: dal 3,5% della Valle D'Aosta al 100% di Campania, Liguria, Molise, Piemonte, Provincia Autonoma di Bolzano, Sardegna, Sicilia, Toscana e Umbria.&nbsp;La copertura nazionale con dose booster \u00e8 del 53,3%, anche qui con notevoli differenze tra Regioni: dal 31,8% della Calabria al 91,9% del Molise.<\/p>\n\n\n\n<p>\"Queste percentuali - puntualizza Marco Mosti, Direttore Operativo di Gimbe - sono tuttavia sovrastimate dal mancato aggiornamento della platea ufficiale per la dose booster, ferma al 2 novembre\". Infatti, secondo le indicazioni ministeriali le persone chiamate a ricevere entro la fine del 2021 la dose booster sono: 11,96 milioni over 60 che hanno completato il ciclo con qualsiasi vaccino entro il 4 luglio; 757 mila under 60 che hanno ricevuto il vaccino J&amp;J entro il 4 luglio; 6,14 milioni dal 1&nbsp;dicembre persone con et\u00e0 compresa fra 40 e 59 anni che hanno completato il ciclo vaccinale con Pfizer, Moderna o AstraZeneca entro il 4 luglio.&nbsp;Considerato che ad oggi sono gi\u00e0 state somministrate 2,74 milioni di dosi booster e 291 mila dosi aggiuntive agli over 60, entro il 31 dicembre dovrebbero essere somministrate 15,83 milioni di terze dosi, in media oltre 350 mila somministrazioni al giorno.<\/p>\n\n\n\n<p>\"Oltre all'adesione della popolazione alla somministrazione delle terze dosi - commenta Nino Cartabellotta, presidente di Gimbe - e alle sfide organizzative e comunicative che le Regioni sono chiamate ad affrontare, preoccupano le scorte di vaccini a mRNA, oggi pari a meno del 50% delle dosi da somministrare entro fine anno, insieme al fatto che rimane sconosciuto il piano delle prossime forniture, ormai al palo da 5 settimane\".<\/p>\n","protected":false},"excerpt":{"rendered":"<p>Roma, 18 Nov 2021 &#8211; Negli ultimi sette giorni aumentano i nuovi casi Covid (54.370 contro i 41.091 di una settimana fa) e i decessi&#8230;<\/p>\n","protected":false},"author":2,"featured_media":213812,"comment_status":"closed","ping_status":"open","sticky":false,"template":"","format":"standard","meta":[],"categories":[49,50],"tags":[],"_links":{"self":[{"href":"https:\/\/www.cronacaonline.it\/index.php\/wp-json\/wp\/v2\/posts\/214412"}],"collection":[{"href":"https:\/\/www.cronacaonline.it\/index.php\/wp-json\/wp\/v2\/posts"}],"about":[{"href":"https:\/\/www.cronacaonline.it\/index.php\/wp-json\/wp\/v2\/types\/post"}],"author":[{"embeddable":true,"href":"https:\/\/www.cronacaonline.it\/index.php\/wp-json\/wp\/v2\/users\/2"}],"replies":[{"embeddable":true,"href":"https:\/\/www.cronacaonline.it\/index.php\/wp-json\/wp\/v2\/comments?post=214412"}],"version-history":[{"count":1,"href":"https:\/\/www.cronacaonline.it\/index.php\/wp-json\/wp\/v2\/posts\/214412\/revisions"}],"predecessor-version":[{"id":214413,"href":"https:\/\/www.cronacaonline.it\/index.php\/wp-json\/wp\/v2\/posts\/214412\/revisions\/214413"}],"wp:featuredmedia":[{"embeddable":true,"href":"https:\/\/www.cronacaonline.it\/index.php\/wp-json\/wp\/v2\/media\/213812"}],"wp:attachment":[{"href":"https:\/\/www.cronacaonline.it\/index.php\/wp-json\/wp\/v2\/media?parent=214412"}],"wp:term":[{"taxonomy":"category","embeddable":true,"href":"https:\/\/www.cronacaonline.it\/index.php\/wp-json\/wp\/v2\/categories?post=214412"},{"taxonomy":"post_tag","embeddable":true,"href":"https:\/\/www.cronacaonline.it\/index.php\/wp-json\/wp\/v2\/tags?post=214412"}],"curies":[{"name":"wp","href":"https:\/\/api.w.org\/{rel}","templated":true}]}}