{"id":214405,"date":"2021-11-18T09:10:26","date_gmt":"2021-11-18T08:10:26","guid":{"rendered":"https:\/\/www.cronacaonline.it\/?p=214405"},"modified":"2021-11-18T09:10:28","modified_gmt":"2021-11-18T08:10:28","slug":"certificazione-verde-rafforzata-per-premiare-i-vaccinati-regioni-spingono-ma-il-governo-frena","status":"publish","type":"post","link":"https:\/\/www.cronacaonline.it\/index.php\/2021\/11\/18\/certificazione-verde-rafforzata-per-premiare-i-vaccinati-regioni-spingono-ma-il-governo-frena\/","title":{"rendered":"Certificazione Verde rafforzata per &#8216;premiare i vaccinati&#8217;: Regioni spingono, ma il governo frena."},"content":{"rendered":"\n<p>Roma, 18 Nov 2021 - Chiusure mirate, confinamenti leggeri, e misure restrittive mettono di nuovo al centro l'utilizzo del Certificato Verde 'rafforzato', ovvero un lasciapassare solo per i vaccinati e per le attivit\u00e0 ricreative operanti nelle regioni che cambieranno colore. Austria e Germania, travolte dalla quarta ondata di Covid-19, hanno gi\u00e0 introdotto il cosiddetto sistema 2G: geimpft (vaccinati) e genesen (guariti). Ossia il green pass spetta solo a chi \u00e8 vaccinato o guarito dal Covid e non a chi fa un tampone negativo. Un modo per incentivare le vaccinazioni e introdurre restrizioni - ancora tenui in giallo, ma pesanti in arancione - che non gravino su chi si \u00e8 sottoposto all'immunizzazione.<\/p>\n\n\n\n<p>Resterebbe invariato&nbsp;il mondo del lavoro, con il certificato verde rilasciato a vaccinati, guariti e chi ha un tampone negativo.<\/p>\n\n\n\n<p>\u00c8 la proposta cui cercano di aggregare consenso i governatori che si vedranno e&nbsp;porteranno la loro posizione all'attenzione del Governo alla&nbsp;Conferenza Stato-regioni convocata dal ministro Mariastella&nbsp;Gelmini. Un appoggio alla posizione dei presidenti \u00e8 arrivato oggi al segretario del Pd Enrico Letta. Palazzo Chigi continua a frenare sull'ipotesi di stretta, forte di dati ancora rassicuranti su terapie intensive e ricoveri ordinari, anche se i contagi hanno superato quota diecimila portandosi ai livelli di maggio. In prima battuta l'esecutivo sembra studiare un provvedimento sull'obbligo della terza dose&nbsp;per sanitari e personale delle Rsa.<\/p>\n\n\n\n<p>\"Ogni persona in pi\u00f9 che si vaccina \u00e8 uno scudo pi\u00f9 forte che abbiamo\", ha detto il ministro della Salute, Roberto Speranza. Mentre la Cei attacca i no vax, protagonisti di \"proteste irresponsabili e contro il Vangelo per una malintesa affermazione della libert\u00e0 e dei diritti\". Il fronte dei governatori che vuole evitare strette a chi \u00e8 immunizzato si allarga&nbsp;e comprende il presidente della Conferenza delle Regioni, Massimiliano Fedriga (Friuli Venezia Giulia), Giovanni Toti (Liguria),&nbsp;Luca Zaia (Veneto), Attilio Fontana (Lombardia), Giuseppe Occhiuto (Calabria), Vincenzo de Luca (Campania), Donato Toma (Molise), Nicola Zingaretti (Lazio). De Luca (Campania) propone \"Il napalm o il lanciafiamme\", ma non \u00e8 tempo di scherzare.<\/p>\n\n\n\n<p>Tra le ipotesi al vaglio ci sarebbe&nbsp;di consentire attivit\u00e0 ricreative a chi \u00e8 vaccinato, nonostante il&nbsp;cambio di colore della regione, superando il limite di quattro persone a tavola nei ristoranti. Misura che varrebbe per la zona gialla, ma anche arancione dove le restrizioni sono severe, con coprifuoco, ristoranti aperti solo per l'asporto e chiusura degli impianti&nbsp;sciistici.<\/p>\n\n\n\n<p>Un confinamento per i soli no vax \"ha oggettivi limiti costituzionali. Dovremmo investire di pi\u00f9 sul dialogo convincendo gli irriducibili a vaccinarsi. Comunque, ogni decisione la prenderemo assieme, fra governatori\". Cos\u00ec il presidente della Regione Veneto, Luca Zaia, in una intervista al Corriere della Sera. E sul vaccino obbligatorio aggiunge:&nbsp;\"Qualcuno pu\u00f2 forse pensare che in questo Paese si possano accompagnare i cittadini coattamente a vaccinarsi?\". E confessa di aver pianto durante la pandemia: \"Certo. All'inizio, \u00e8 stato tragico perch\u00e9 avevamo tutti paura di morire. Nessuno aveva le istruzioni per l'uso. Quel 21 febbraio 2020, quando mi hanno detto del primo caso di Covid a Vo' Euganeo, mi sono sentito come se entrassi in guerra. Era il momento di assumersi le responsabilit\u00e0 e io ho preso subito decisioni impopolari. Ma l\u00ec ti sostiene l'adrenalina. E come mi diceva mio nonno che ha fatto la guerra: il trauma lo avverti quando ci ripensi a mente fredda\".<\/p>\n","protected":false},"excerpt":{"rendered":"<p>Roma, 18 Nov 2021 &#8211; Chiusure mirate, confinamenti leggeri, e misure restrittive mettono di nuovo al centro l&#8217;utilizzo del Certificato Verde &#8216;rafforzato&#8217;, ovvero un lasciapassare&#8230;<\/p>\n","protected":false},"author":2,"featured_media":209666,"comment_status":"closed","ping_status":"open","sticky":false,"template":"","format":"standard","meta":[],"categories":[49,50],"tags":[],"_links":{"self":[{"href":"https:\/\/www.cronacaonline.it\/index.php\/wp-json\/wp\/v2\/posts\/214405"}],"collection":[{"href":"https:\/\/www.cronacaonline.it\/index.php\/wp-json\/wp\/v2\/posts"}],"about":[{"href":"https:\/\/www.cronacaonline.it\/index.php\/wp-json\/wp\/v2\/types\/post"}],"author":[{"embeddable":true,"href":"https:\/\/www.cronacaonline.it\/index.php\/wp-json\/wp\/v2\/users\/2"}],"replies":[{"embeddable":true,"href":"https:\/\/www.cronacaonline.it\/index.php\/wp-json\/wp\/v2\/comments?post=214405"}],"version-history":[{"count":1,"href":"https:\/\/www.cronacaonline.it\/index.php\/wp-json\/wp\/v2\/posts\/214405\/revisions"}],"predecessor-version":[{"id":214406,"href":"https:\/\/www.cronacaonline.it\/index.php\/wp-json\/wp\/v2\/posts\/214405\/revisions\/214406"}],"wp:featuredmedia":[{"embeddable":true,"href":"https:\/\/www.cronacaonline.it\/index.php\/wp-json\/wp\/v2\/media\/209666"}],"wp:attachment":[{"href":"https:\/\/www.cronacaonline.it\/index.php\/wp-json\/wp\/v2\/media?parent=214405"}],"wp:term":[{"taxonomy":"category","embeddable":true,"href":"https:\/\/www.cronacaonline.it\/index.php\/wp-json\/wp\/v2\/categories?post=214405"},{"taxonomy":"post_tag","embeddable":true,"href":"https:\/\/www.cronacaonline.it\/index.php\/wp-json\/wp\/v2\/tags?post=214405"}],"curies":[{"name":"wp","href":"https:\/\/api.w.org\/{rel}","templated":true}]}}