{"id":214389,"date":"2021-11-17T17:42:54","date_gmt":"2021-11-17T16:42:54","guid":{"rendered":"https:\/\/www.cronacaonline.it\/?p=214389"},"modified":"2021-11-17T17:42:56","modified_gmt":"2021-11-17T16:42:56","slug":"lavoro-mura-pd-ministero-accerta-che-associazione-sarda-ha-discriminato","status":"publish","type":"post","link":"https:\/\/www.cronacaonline.it\/index.php\/2021\/11\/17\/lavoro-mura-pd-ministero-accerta-che-associazione-sarda-ha-discriminato\/","title":{"rendered":"Lavoro: Mura (Pd), Ministero accerta che Associazione sarda ha discriminato."},"content":{"rendered":"\n<p>Cagliari, 17 Nov 2021 - \u201cUn\u2019illecita ed odiosa condotta discriminatoria fondata sul genere, che viola il divieto discriminazione in materia di tutela della maternit\u00e0 e paternit\u00e0, cos\u00ec come stabilito dallo stesso codice delle pari opportunit\u00e0, e che si pone in contrasto con i principi di\u00a0eguaglianza e antidiscriminazione sanciti dal dettato costituzionale\u201d. \u00c8 il giudizio sugli \u201catti discriminatori perpetrati nei confronti di un\u2019infermiera professionale, dipendente dell\u2019Associazione italiana per l\u2019assistenza agli spastici (Aias), ente accreditato dalla Regione Sardegna interamente finanziato con fondi pubblici\u201d, quale si legge nella risposta del Ministero del Lavoro all\u2019interrogazione dell\u2019on. Romina Mura, che aveva sottoposto il caso, venuto alla luce la scorsa estate, di una donna del Nuorese cui l\u2019Associazione Italiana Assistenza Spastici (Aias) non aveva rinnovato il contratto dopo che la stessa ha comunicato ai datori di lavoro il suo stato di gravidanza.<\/p>\n\n\n\n<p>\u201cDal Ministero del Lavoro \u00e8 giunta una risposta rilevante dal punto di vista degli effetti \u2013 spiega la parlamentare del Pd - in quanto ha attivato l\u2019Ispettorato territoriale del lavoro, cui \u00e8 seguita l'Ordinanza Ingiunzione dell\u20198 novembre scorso, in corso di notifica all'Aias, con la quale \u00e8 definito il procedimento di contestazione dell'illecito. Ma determinante \u00e8 stata anche&nbsp;l\u2019azione della consigliera di parit\u00e0 Tiziana Putzolu in questa vicenda, che ha dimostrato l\u2019importanza di questo ruolo di tutela e vigilanza. Un ruolo da valorizzare dotandolo di strumenti e prerogative che permettano di svolgere al meglio le sue fondamentali funzioni\u201d.<\/p>\n\n\n\n<p>Per Mura, infine, \u00e8 \u201cda segnalare anche l\u2019annuncio del Ministero sull\u2019integrazione del quadro legislativo di tutela nei confronti delle donne e in merito al potenziamento del ruolo della vigilanza antidiscriminatoria degli organismi di parit\u00e0 e procedure per favorire l\u2019emersione e la denuncia dei comportamenti discriminatori di cui le donne sono oggetto\u201d. Com<\/p>\n","protected":false},"excerpt":{"rendered":"<p>Cagliari, 17 Nov 2021 &#8211; \u201cUn\u2019illecita ed odiosa condotta discriminatoria fondata sul genere, che viola il divieto discriminazione in materia di tutela della maternit\u00e0 e&#8230;<\/p>\n","protected":false},"author":2,"featured_media":210300,"comment_status":"closed","ping_status":"open","sticky":false,"template":"","format":"standard","meta":[],"categories":[49,52],"tags":[],"_links":{"self":[{"href":"https:\/\/www.cronacaonline.it\/index.php\/wp-json\/wp\/v2\/posts\/214389"}],"collection":[{"href":"https:\/\/www.cronacaonline.it\/index.php\/wp-json\/wp\/v2\/posts"}],"about":[{"href":"https:\/\/www.cronacaonline.it\/index.php\/wp-json\/wp\/v2\/types\/post"}],"author":[{"embeddable":true,"href":"https:\/\/www.cronacaonline.it\/index.php\/wp-json\/wp\/v2\/users\/2"}],"replies":[{"embeddable":true,"href":"https:\/\/www.cronacaonline.it\/index.php\/wp-json\/wp\/v2\/comments?post=214389"}],"version-history":[{"count":1,"href":"https:\/\/www.cronacaonline.it\/index.php\/wp-json\/wp\/v2\/posts\/214389\/revisions"}],"predecessor-version":[{"id":214390,"href":"https:\/\/www.cronacaonline.it\/index.php\/wp-json\/wp\/v2\/posts\/214389\/revisions\/214390"}],"wp:featuredmedia":[{"embeddable":true,"href":"https:\/\/www.cronacaonline.it\/index.php\/wp-json\/wp\/v2\/media\/210300"}],"wp:attachment":[{"href":"https:\/\/www.cronacaonline.it\/index.php\/wp-json\/wp\/v2\/media?parent=214389"}],"wp:term":[{"taxonomy":"category","embeddable":true,"href":"https:\/\/www.cronacaonline.it\/index.php\/wp-json\/wp\/v2\/categories?post=214389"},{"taxonomy":"post_tag","embeddable":true,"href":"https:\/\/www.cronacaonline.it\/index.php\/wp-json\/wp\/v2\/tags?post=214389"}],"curies":[{"name":"wp","href":"https:\/\/api.w.org\/{rel}","templated":true}]}}