{"id":214386,"date":"2021-11-17T16:54:06","date_gmt":"2021-11-17T15:54:06","guid":{"rendered":"https:\/\/www.cronacaonline.it\/?p=214386"},"modified":"2021-11-17T16:54:07","modified_gmt":"2021-11-17T15:54:07","slug":"vertenza-air-italy-il-presidente-pais-e-i-capigruppo-ricevono-una-delegazione-dei-sindacati-dei-lavoratori","status":"publish","type":"post","link":"https:\/\/www.cronacaonline.it\/index.php\/2021\/11\/17\/vertenza-air-italy-il-presidente-pais-e-i-capigruppo-ricevono-una-delegazione-dei-sindacati-dei-lavoratori\/","title":{"rendered":"Vertenza Air Italy. Il Presidente Pais e i Capigruppo ricevono una delegazione dei sindacati dei lavoratori."},"content":{"rendered":"\n<p>Cagliari, 17 Nov 2021 \u2013 Diplomazie al lavoro non solo per la proroga della cassa integrazione dei lavoratori di Air Italy, che deve essere fatta con un decreto ad hoc, ma anche per convincere l\u2019azienda a mantenere le condizioni necessarie per salvare i dipendenti dell\u2019ex compagnia aerea.<\/p>\n\n\n\n<p>\u00c8 un conto alla rovescia implacabile, ormai \u00e8 solo una questione di giorni. L\u20198 dicembre a mezzanotte e un minuto, se non ci saranno novit\u00e0, arriveranno le lettere di licenziamento per i 1322 lavoratori di Air Italy, di cui 600 sono sardi.&nbsp;<\/p>\n\n\n\n<p>La richiesta di aiuto \u00e8 stata fatta, ancora una volta, questa mattina da tutte le sigle sindacali che sono state ricevute nell\u2019aula consiliare dal Presidente del Consiglio regionale Michele Pais e dai Capigruppo. In collegamento in video conferenza anche l\u2019assessore regionale al lavoro e vice presidente della Regione Alessandra Zedda.<\/p>\n\n\n\n<p>Il 31 dicembre 2021, scade la cassa integrazione per i lavoratori di Air Italy, ottenuta anche grazie al grande lavoro della Regione, e non ci sono quelle garanzie gi\u00e0 date ai lavoratori dell\u2019ex Alitalia che hanno ottenuto la scadenza della cassa integrazione a fine 2022.<\/p>\n\n\n\n<p>Il Presidente Michele Pais ha ricordato ai sindacati che il Presidente Solinas, il Consiglio regionale, la Giunta, i parlamentari sardi stanno lavorando uniti, per presentare degli emendamenti alla Finanziaria nazionale che consentano la proroga della Cassa Integrazione.<\/p>\n\n\n\n<p>&nbsp;\u201cSe sar\u00e0 necessario \u2013 ha detto \u2013 il Consiglio regionale approver\u00e0 un documento unitario per dare maggiore forza all\u2019azione del Presidente della Regione, che ha dichiarato e dimostrato tutto il sostegno ai lavoratori per la soluzione della vertenza\u201d.<\/p>\n\n\n\n<p>La proroga della cassa integrazione consentirebbe anche di prendere tempo per poter affrontare la fine della crisi dei trasporti aerei, prevista per fine 2022, dovuta alla pandemia.&nbsp; Intanto luned\u00ec 22 novembre i lavoratori manifesteranno a Roma per chiedere al Governo nazionale la proroga della Cassa integrazione.<\/p>\n\n\n\n<p>\u201cLa vostra battaglia \u00e8 la nostra \u2013 ha detto il Presidente Pais \u2013 siamo tutti uniti e compatti al vostro fianco. Un tema come questo non consente divisioni\u201d.<\/p>\n\n\n\n<p>I sindacati hanno chiesto di aprire un tavolo di crisi prima che, tra 20 giorni, la situazione sia irrecuperabile. E\u2019 necessario che l\u2019azienda comunichi quale sia la sua volont\u00e0 sul futuro dei lavoratori. Non si pu\u00f2 consentire di mettere la parola fine alla storia dell\u2019aviazione isolana.<\/p>\n\n\n\n<p>Giuseppe Meloni (Pd) ha accolto l\u2019appello all\u2019unit\u00e0 fatto dal Presidente Pais e ha detto che \u00e8 giunto il momento di mettere in campo soluzioni concrete; massima disponibilit\u00e0 da parte anche di Francesco Agus, capogruppo dei Progressisti, che crede nella necessit\u00e0 di una interlocuzione politica con il governo nazionale e con i vertici della compagnia aerea per cercare di trovare una soluzione. Per Roberto Li Gioi (M5S) la proroga della Cassa integrazione deve essere strettamente collegata a un vero progetto industriale. Dario Giagoni, capogruppo della Lega, ha auspicato un lavoro di mediazione con l\u2019azienda e con il governo nazionale per dare sicurezza e un futuro ai lavoratori di Air Italy. Com<\/p>\n","protected":false},"excerpt":{"rendered":"<p>Cagliari, 17 Nov 2021 \u2013 Diplomazie al lavoro non solo per la proroga della cassa integrazione dei lavoratori di Air Italy, che deve essere fatta&#8230;<\/p>\n","protected":false},"author":2,"featured_media":214387,"comment_status":"closed","ping_status":"open","sticky":false,"template":"","format":"standard","meta":[],"categories":[49,52],"tags":[],"_links":{"self":[{"href":"https:\/\/www.cronacaonline.it\/index.php\/wp-json\/wp\/v2\/posts\/214386"}],"collection":[{"href":"https:\/\/www.cronacaonline.it\/index.php\/wp-json\/wp\/v2\/posts"}],"about":[{"href":"https:\/\/www.cronacaonline.it\/index.php\/wp-json\/wp\/v2\/types\/post"}],"author":[{"embeddable":true,"href":"https:\/\/www.cronacaonline.it\/index.php\/wp-json\/wp\/v2\/users\/2"}],"replies":[{"embeddable":true,"href":"https:\/\/www.cronacaonline.it\/index.php\/wp-json\/wp\/v2\/comments?post=214386"}],"version-history":[{"count":1,"href":"https:\/\/www.cronacaonline.it\/index.php\/wp-json\/wp\/v2\/posts\/214386\/revisions"}],"predecessor-version":[{"id":214388,"href":"https:\/\/www.cronacaonline.it\/index.php\/wp-json\/wp\/v2\/posts\/214386\/revisions\/214388"}],"wp:featuredmedia":[{"embeddable":true,"href":"https:\/\/www.cronacaonline.it\/index.php\/wp-json\/wp\/v2\/media\/214387"}],"wp:attachment":[{"href":"https:\/\/www.cronacaonline.it\/index.php\/wp-json\/wp\/v2\/media?parent=214386"}],"wp:term":[{"taxonomy":"category","embeddable":true,"href":"https:\/\/www.cronacaonline.it\/index.php\/wp-json\/wp\/v2\/categories?post=214386"},{"taxonomy":"post_tag","embeddable":true,"href":"https:\/\/www.cronacaonline.it\/index.php\/wp-json\/wp\/v2\/tags?post=214386"}],"curies":[{"name":"wp","href":"https:\/\/api.w.org\/{rel}","templated":true}]}}