{"id":214216,"date":"2021-11-13T07:37:12","date_gmt":"2021-11-13T06:37:12","guid":{"rendered":"https:\/\/www.cronacaonline.it\/?p=214216"},"modified":"2021-11-13T07:37:13","modified_gmt":"2021-11-13T06:37:13","slug":"il-presidente-solinas-riceve-i-delegati-del-congresso-nazionale-fnopi-professione-infermieristica-fondamentale-nella-lotta-alla-pandemia-linfermiere-e-figura-centrale-nella-riforma-sanitari","status":"publish","type":"post","link":"https:\/\/www.cronacaonline.it\/index.php\/2021\/11\/13\/il-presidente-solinas-riceve-i-delegati-del-congresso-nazionale-fnopi-professione-infermieristica-fondamentale-nella-lotta-alla-pandemia-linfermiere-e-figura-centrale-nella-riforma-sanitari\/","title":{"rendered":"Il presidente Solinas riceve i delegati del congresso nazionale Fnopi: professione infermieristica fondamentale nella lotta alla pandemia, l\u2019infermiere \u00e8 figura centrale nella riforma sanitaria."},"content":{"rendered":"\n<p>Cagliari, 13 Nov 2021\u00a0- Un ringraziamento per l\u2019abnegazione e l\u2019impegno dimostrato nel corso della pandemia, un forte sostegno alle richieste degli infermieri e l\u2019impegno a considerare questa figura come centrale anche nella riforma del sistema sanitario sardo.<\/p>\n\n\n\n<p>Il Presidente della Regione Christian Solinas ha ricevuto ieri a Villa Devoto i vertici nazionali e i delegati al Congresso della Federazione nazionale degli ordini delle professioni infermieristiche (FNOPI), un congresso itinerante che fa la sua sesta tappa in Sardegna il 12 e 13 novembre.<\/p>\n\n\n\n<p>L\u2019infermiere \u00e8 figura centrale del sistema sanitario, ha detto il Presidente, e sar\u00e0 protagonista anche nella nuova sanit\u00e0 che la riforma sta disegnando.<\/p>\n\n\n\n<p>In particolare, questa figura professionale \u00e8 determinante non solo nell\u2019attivit\u00e0 ospedaliera, ma anche nella articolazione territoriale dei servizi sanitari.<\/p>\n\n\n\n<p>La Regione, ha ricordato il Presidente Solinas, ha attuato fin dall\u2019avvio di questa Legislatura una politica rivolta a coprire gli enormi vuoti di organico nel settore pubblico, che aveva perso 3300 figure sanitarie tra il 2014 e il 2019, non coperte a causa del blocco del turn over.&nbsp;<\/p>\n\n\n\n<p>Abbiamo gi\u00e0 assunto 1200 nuovi operatori, e proseguiremo con i concorsi in sanit\u00e0, ha proseguito il presidente Solinas, coprendo altri vuoti di organico nonostante la difficolt\u00e0, riscontrata in ogni bando di concorso, nel reperire figure abilitate.<\/p>\n\n\n\n<p>La Presidente Nazionale della FNOPI, Barbara Mangiacavalli, ha ringraziato il Presidente per l\u2019attenzione dimostrata, sottolineando che il Governatore sardo \u00e8 stato l\u2019unico a riservare un incontro al Congresso Nazionale itinerante. Com<\/p>\n","protected":false},"excerpt":{"rendered":"<p>Cagliari, 13 Nov 2021\u00a0&#8211; Un ringraziamento per l\u2019abnegazione e l\u2019impegno dimostrato nel corso della pandemia, un forte sostegno alle richieste degli infermieri e l\u2019impegno a&#8230;<\/p>\n","protected":false},"author":2,"featured_media":11707,"comment_status":"closed","ping_status":"open","sticky":false,"template":"","format":"standard","meta":[],"categories":[49,52],"tags":[],"_links":{"self":[{"href":"https:\/\/www.cronacaonline.it\/index.php\/wp-json\/wp\/v2\/posts\/214216"}],"collection":[{"href":"https:\/\/www.cronacaonline.it\/index.php\/wp-json\/wp\/v2\/posts"}],"about":[{"href":"https:\/\/www.cronacaonline.it\/index.php\/wp-json\/wp\/v2\/types\/post"}],"author":[{"embeddable":true,"href":"https:\/\/www.cronacaonline.it\/index.php\/wp-json\/wp\/v2\/users\/2"}],"replies":[{"embeddable":true,"href":"https:\/\/www.cronacaonline.it\/index.php\/wp-json\/wp\/v2\/comments?post=214216"}],"version-history":[{"count":1,"href":"https:\/\/www.cronacaonline.it\/index.php\/wp-json\/wp\/v2\/posts\/214216\/revisions"}],"predecessor-version":[{"id":214217,"href":"https:\/\/www.cronacaonline.it\/index.php\/wp-json\/wp\/v2\/posts\/214216\/revisions\/214217"}],"wp:featuredmedia":[{"embeddable":true,"href":"https:\/\/www.cronacaonline.it\/index.php\/wp-json\/wp\/v2\/media\/11707"}],"wp:attachment":[{"href":"https:\/\/www.cronacaonline.it\/index.php\/wp-json\/wp\/v2\/media?parent=214216"}],"wp:term":[{"taxonomy":"category","embeddable":true,"href":"https:\/\/www.cronacaonline.it\/index.php\/wp-json\/wp\/v2\/categories?post=214216"},{"taxonomy":"post_tag","embeddable":true,"href":"https:\/\/www.cronacaonline.it\/index.php\/wp-json\/wp\/v2\/tags?post=214216"}],"curies":[{"name":"wp","href":"https:\/\/api.w.org\/{rel}","templated":true}]}}