{"id":214213,"date":"2021-11-13T07:34:37","date_gmt":"2021-11-13T06:34:37","guid":{"rendered":"https:\/\/www.cronacaonline.it\/?p=214213"},"modified":"2021-11-13T07:37:34","modified_gmt":"2021-11-13T06:37:34","slug":"la-sardegna-presenta-i-suoi-cammini-turistici-lassessore-gianni-chessa-lisola-protagonista-anche-nel-turismo-lento-e-sostenibile","status":"publish","type":"post","link":"https:\/\/www.cronacaonline.it\/index.php\/2021\/11\/13\/la-sardegna-presenta-i-suoi-cammini-turistici-lassessore-gianni-chessa-lisola-protagonista-anche-nel-turismo-lento-e-sostenibile\/","title":{"rendered":"La Sardegna presenta i suoi cammini turistici. L\u2019assessore Gianni Chessa: l\u2019isola protagonista anche nel turismo lento e sostenibile."},"content":{"rendered":"\n<p>Cagliari 13 Nov 2021 -&nbsp;I cammini turistici e religiosi della Sardegna a confronto con i grandi percorsi italiani ed europei per riscoprire il valore e la bellezza di un turismo lento e sostenibile anche nell'Isola, assieme al suo ambiente, alle tradizioni culturali e alle eccellenze enogastronomiche.&nbsp; \u201cSardegna, terra di cammini tutto l\u2019anno\u201d, presentato oggi A Milano, e\u2019 un programma che intende far conoscere non solo i percorsi, ma anche i borghi, le destinazioni di pellegrinaggio e il ruolo degli operatori nella promozione di un prodotto oggi sempre pi\u00f9 richiesto e desiderato dal pubblico finale.&nbsp;<\/p>\n\n\n\n<p>Due giorni di incontri e confronto con istituzioni, esperti, giornalisti, autori e camminatori per scoprire una terra da vivere in ogni periodo dell\u2019anno a passo lento.&nbsp;<\/p>\n\n\n\n<p>La Sardegna, ha detto ieri l\u2019assessore al Turismo Gianni Chessa, \u00e8 riuscita a custodire il suo valore pi\u00f9 prezioso, pi\u00f9 intimo, in un\u2019armonia unica e incomparabile, nel cuore del Mediterraneo. Ancora oggi \u00e8 uno scrigno di storie e luoghi poco conosciuti, \u00e8 un\u2019isola che offre infinite sfaccettature che la rendono una destinazione turistica ricca di fascino e suggestione. L\u2019inestimabile patrimonio materiale e immateriale dell\u2019isola rappresenta in modo sempre pi\u00f9 convincente un volano articolato per stimolare nuove motivazioni e proposte di viaggio.<\/p>\n\n\n\n<p>Con oltre 1.400 eventi fra rassegne popolari e sagre, di cui 940 feste religiose, la Sardegna, ha sottolineato l\u2019assessore Chessa, resiste all\u2019usura dei secoli e alla globalizzazione dell\u2019offerta dei prodotti turistici. Spiritualit\u00e0 e devozione rappresentano le vere radici dell\u2019identit\u00e0 sarda, che concorrono in modo armonico a posizionare l\u2019isola in un segmento sinonimo di turismo sostenibile e responsabile, incline alla convivialit\u00e0, alla sobriet\u00e0 e alla salvaguardia dei valori pi\u00f9 autentici. Qui si inseriscono i Cammini, la Rete delle Destinazioni di pellegrinaggio e i Percorsi Francescani, tematiche inserite nell\u2019evento organizzato a Milano.<\/p>\n\n\n\n<p>Turismo lento e sostenibile, cultura e spiritualit\u00e0, senso di comunit\u00e0 e accoglienza sono i cardini del progetto attivato nel 2012 dall\u2019Assessorato regionale del Turismo, ha ricordato Chessa. Una proposta articolata in Cammini di Sardegna, Destinazioni di pellegrinaggio e Luoghi francescani, ciascuno capace di offrire un\u2019esperienza intima e introspettiva, di coniugare le dimensioni spirituale e culturale in centri caratterizzati da profonda devozione. Gli stessi principi \u2013 continua Chessa - accompagnano anche il percorso di valorizzazione regionale sulla Rete dei Borghi della Sardegna: i borghi sono uno spaccato autentico dell\u2019isola, la sua anima, l\u2019espressione di tradizioni ataviche e del saper fare. L\u2019offerta di cammini, destinazioni di pellegrinaggio e borghi \u00e8 strettamente legata ad altre modalit\u00e0 di fruizione della vacanza, in parte legate all\u2019outdoor, alle reti escursionistica e cicloturistica, alle gite a cavallo e al Trenino Verde, eccellenza unica in Italia. L\u2019obiettivo che la Regione intende raggiungere nel breve e medio periodo attraverso queste tematiche, attiene al raggiungimento di un livello di popolarit\u00e0 sullo scenario nazionale in grado di sostenere le politiche di destagionalizzazione. Com<\/p>\n","protected":false},"excerpt":{"rendered":"<p>Cagliari 13 Nov 2021 &#8211;&nbsp;I cammini turistici e religiosi della Sardegna a confronto con i grandi percorsi italiani ed europei per riscoprire il valore e&#8230;<\/p>\n","protected":false},"author":2,"featured_media":214214,"comment_status":"closed","ping_status":"open","sticky":false,"template":"","format":"standard","meta":[],"categories":[49,52],"tags":[],"_links":{"self":[{"href":"https:\/\/www.cronacaonline.it\/index.php\/wp-json\/wp\/v2\/posts\/214213"}],"collection":[{"href":"https:\/\/www.cronacaonline.it\/index.php\/wp-json\/wp\/v2\/posts"}],"about":[{"href":"https:\/\/www.cronacaonline.it\/index.php\/wp-json\/wp\/v2\/types\/post"}],"author":[{"embeddable":true,"href":"https:\/\/www.cronacaonline.it\/index.php\/wp-json\/wp\/v2\/users\/2"}],"replies":[{"embeddable":true,"href":"https:\/\/www.cronacaonline.it\/index.php\/wp-json\/wp\/v2\/comments?post=214213"}],"version-history":[{"count":2,"href":"https:\/\/www.cronacaonline.it\/index.php\/wp-json\/wp\/v2\/posts\/214213\/revisions"}],"predecessor-version":[{"id":214218,"href":"https:\/\/www.cronacaonline.it\/index.php\/wp-json\/wp\/v2\/posts\/214213\/revisions\/214218"}],"wp:featuredmedia":[{"embeddable":true,"href":"https:\/\/www.cronacaonline.it\/index.php\/wp-json\/wp\/v2\/media\/214214"}],"wp:attachment":[{"href":"https:\/\/www.cronacaonline.it\/index.php\/wp-json\/wp\/v2\/media?parent=214213"}],"wp:term":[{"taxonomy":"category","embeddable":true,"href":"https:\/\/www.cronacaonline.it\/index.php\/wp-json\/wp\/v2\/categories?post=214213"},{"taxonomy":"post_tag","embeddable":true,"href":"https:\/\/www.cronacaonline.it\/index.php\/wp-json\/wp\/v2\/tags?post=214213"}],"curies":[{"name":"wp","href":"https:\/\/api.w.org\/{rel}","templated":true}]}}