{"id":214186,"date":"2021-11-12T09:23:15","date_gmt":"2021-11-12T08:23:15","guid":{"rendered":"https:\/\/www.cronacaonline.it\/?p=214186"},"modified":"2021-11-12T09:23:17","modified_gmt":"2021-11-12T08:23:17","slug":"quirinale-mattarella-non-accetta-la-rielezione-anche-leone-chiese-la-non-rieleggibilita-del-presidente-della-repubblica","status":"publish","type":"post","link":"https:\/\/www.cronacaonline.it\/index.php\/2021\/11\/12\/quirinale-mattarella-non-accetta-la-rielezione-anche-leone-chiese-la-non-rieleggibilita-del-presidente-della-repubblica\/","title":{"rendered":"Quirinale, Mattarella non accetta la rielezione: &#8220;Anche Leone chiese la non rieleggibilit\u00e0 del presidente della Repubblica&#8221;."},"content":{"rendered":"\n<p>Roma, 12 Nov 2021 - \"'Ho servito il Paese con correttezza istituzionale e dignit\u00e0 morale'. Con queste parole il presidente della Repubblica, Giovanni Leone, si congedava dagli italiani alla vigilia del semestre bianco. Ennesima testimonianza dell'altissima sensibilit\u00e0 istituzionale che per tutta la vita aveva ispirato le sue scelte\". Cos\u00ec il presidente della Repubblica, Sergio Mattarella, durante l'incontro di studio, organizzato al Quirinale, \"Giovanni Leone. Presidente della Repubblica 1971 - 1978\" nel ventesimo anniversario della scomparsa.<\/p>\n\n\n\n<p>Leone, ha continuato Mattarella, \"figura a buon titolo tra i fondatori e i protagonisti\" della Repubblica. Credo che sia giusto rifarsi -ha affermato il Capo dello Stato- al suo discorso di insediamento come presidente della Camera nel '55.&nbsp; Afferm\u00f2: \"Nell'esercizio del mio mandato affidatomi non obbedir\u00f2 che&nbsp;alla mia coscienza\". Nel corso del suo lungo impegno nei tanti ruoli di vertice nelle nostre Istituzioni \u00e8 sempre stato questo il criterio delle sue scelte e la Repubblica, a venti anni dalla sua morte, lo con riconoscenza\".<\/p>\n\n\n\n<p>Da Giovanni Leone arriva la lezione di \"coraggio e generosit\u00e0 nella disponibilit\u00e0 a corrispondere all'interesse generale\" ha aggiunto Mattarella. L'ex presidente della Repubblica \"fu sempre mosso da un profondo senso della legalit\u00e0\" e \"ha sempre garantito il buon funzionamento delle istituzioni\". Leone \"non ebbe remore ad abbandonare una responsabilit\u00e0&nbsp;che gli era congeniale, quella di presidente della Camera. Ha mostrato coraggio e generosit\u00e0 a corrispondere all'interesse generale della vita della Repubblica\". E anche in un momento grave per il Paese, c'era appena stata Piazza della Loggia, Leone si adoper\u00f2 per una \"lenta ricucitura del tessuto sociale. E quello della ricucitura, del rammendo, \u00e8 tema che torner\u00e0 frequentemente nella pedagogia dei presidenti che si sono succeduti al Quirinale\".<\/p>\n\n\n\n<p>\"Pace sociale non significa rinuncia alle legittime aspirazioni e neanche a spinte e sollecitazioni a farle valere, significa rinunciare al metodo della violenza e dell'intolleranza. Negli strumenti della Costituzione c'\u00e8 spazio per tutte le aspettative ma anche un richiamo vigoroso a rispetto delle istituzioni democratiche e della libert\u00e0 dell'individuo, parole ancora oggi di estrema attualit\u00e0\" dice ancora Mattarella, citando le parole di Leone.<\/p>\n\n\n\n<p>La presidenza di Giovanni Leone \"si caratterizz\u00f2 per un forte richiamo ai valori dell'antifascismo. E per la fedelt\u00e0 ai valori della Resistenza, in particolare delle istituzioni Repubblicane di fronte ai tentativi eversivi\" ha continuato il Presidente. Mattarella ha citato le parole di Leone, secondo cui \"il fascismo \u00e8 una tentazione che si affaccia sovente nella storia dei popoli e un modo per concepire uno Stato forte\", \"un metodo di violenza di sopraffazione della libert\u00e0 delle coscienze e del pensiero\".<\/p>\n\n\n\n<p>Leone definiva la stampa componente essenziale della societ\u00e0. Ma allora espresse parole profetiche: \"La stampa \u00e8 al servizio della verit\u00e0, ma sappiamo come la verit\u00e0 sia spesso inafferrabile, accontentiamoci che ci sia un riscontro oggettivo, la buona fede\". Per concludere credo che si possa fare un caloroso invito ad avere tutto il riguardo per la dignit\u00e0 della persona che va salvaguardata. Difficile trovare una campagna scandalistica come quella rivolta contro Giovanni Leone\" ha affermato il presidente.<\/p>\n\n\n\n<p>Mattarella ha quindi citato l'intervento che Leone fece il 15 ottobre del 1975 in Parlamento, \"che venne ritenuto da giuristi autorevoli una degli interventi sulle riforme istituzionali\". Tra i temi trattati da Leone, \"bicameralismo, Cnel, Pubblica amministrazione, mezzogiorno, scioperi nei servizi pubblici. Leone ripropose la sollecitazione, gi\u00e0 sottolineata dal presidente Segni di introdurre la non rieleggibilit\u00e0 del Presidente della Repubblica con la conseguente eliminazione del semestre bianco\", ha concluso il Capo dello Stato.<\/p>\n","protected":false},"excerpt":{"rendered":"<p>Roma, 12 Nov 2021 &#8211; &#8220;&#8216;Ho servito il Paese con correttezza istituzionale e dignit\u00e0 morale&#8217;. Con queste parole il presidente della Repubblica, Giovanni Leone, si&#8230;<\/p>\n","protected":false},"author":2,"featured_media":200226,"comment_status":"closed","ping_status":"open","sticky":false,"template":"","format":"standard","meta":[],"categories":[49,51],"tags":[],"_links":{"self":[{"href":"https:\/\/www.cronacaonline.it\/index.php\/wp-json\/wp\/v2\/posts\/214186"}],"collection":[{"href":"https:\/\/www.cronacaonline.it\/index.php\/wp-json\/wp\/v2\/posts"}],"about":[{"href":"https:\/\/www.cronacaonline.it\/index.php\/wp-json\/wp\/v2\/types\/post"}],"author":[{"embeddable":true,"href":"https:\/\/www.cronacaonline.it\/index.php\/wp-json\/wp\/v2\/users\/2"}],"replies":[{"embeddable":true,"href":"https:\/\/www.cronacaonline.it\/index.php\/wp-json\/wp\/v2\/comments?post=214186"}],"version-history":[{"count":1,"href":"https:\/\/www.cronacaonline.it\/index.php\/wp-json\/wp\/v2\/posts\/214186\/revisions"}],"predecessor-version":[{"id":214187,"href":"https:\/\/www.cronacaonline.it\/index.php\/wp-json\/wp\/v2\/posts\/214186\/revisions\/214187"}],"wp:featuredmedia":[{"embeddable":true,"href":"https:\/\/www.cronacaonline.it\/index.php\/wp-json\/wp\/v2\/media\/200226"}],"wp:attachment":[{"href":"https:\/\/www.cronacaonline.it\/index.php\/wp-json\/wp\/v2\/media?parent=214186"}],"wp:term":[{"taxonomy":"category","embeddable":true,"href":"https:\/\/www.cronacaonline.it\/index.php\/wp-json\/wp\/v2\/categories?post=214186"},{"taxonomy":"post_tag","embeddable":true,"href":"https:\/\/www.cronacaonline.it\/index.php\/wp-json\/wp\/v2\/tags?post=214186"}],"curies":[{"name":"wp","href":"https:\/\/api.w.org\/{rel}","templated":true}]}}