{"id":214143,"date":"2021-11-10T15:18:17","date_gmt":"2021-11-10T14:18:17","guid":{"rendered":"https:\/\/www.cronacaonline.it\/?p=214143"},"modified":"2021-11-10T15:18:18","modified_gmt":"2021-11-10T14:18:18","slug":"consiglio-sardegna-canapa-industriale-il-testo-unificato-presto-in-aula","status":"publish","type":"post","link":"https:\/\/www.cronacaonline.it\/index.php\/2021\/11\/10\/consiglio-sardegna-canapa-industriale-il-testo-unificato-presto-in-aula\/","title":{"rendered":"Consiglio Sardegna &#8211; Canapa industriale, il testo unificato presto in Aula."},"content":{"rendered":"\n<p>Cagliari, 10 Nov 2021\u00a0\u2013\u00a0Sar\u00e0 presto discussa in Consiglio regionale la legge sulla coltivazione della canapa industriale. Lo hanno assicurato i capigruppo dell\u2019Assemblea sarda di maggioranza e opposizione al termine dell\u2019incontro con una delegazione dei canapicoltori e dei sindaci che in mattinata hanno manifestato sotto il Palazzo di via Roma a Cagliari per chiedere tempi certi sul varo della norma. Si partir\u00e0 dal testo unificato, frutto di due proposte di legge presentate dal Psd\u2019Az e dal Movimento5\u00a0Stelle, approvato\u00a0nelle scorse settimane dalla commissione \u201cAttivit\u00e0 produttive\u201d con la sola astensione dell\u2019Udc. \u00abIl provvedimento potr\u00e0 essere emendato accogliendo alcune delle proposte fatte dagli operatori del settore \u2013 ha detto il presidente del Consiglio regionale Michele Pais \u2013 c\u2019\u00e8 per\u00f2 la necessit\u00e0 di coordinare il testo con la normativa nazionale in modo da evitare eventuali impugnazioni da parte del Governo. Su questo argomento non deve esserci un approccio di carattere ideologico. Siamo consapevoli che si tratta di un settore che sta creando economia e reddito nell\u2019Isola\u00bb.\u00a0\u00a0All\u2019incontro con la delegazione dei coltivatori e sindaci non erano presenti i capigruppo di Fratelli d\u2019Italia, Forza Italia e Riformatori. Gli altri esponenti della maggioranza hanno per\u00f2 assicurato unit\u00e0 di intenti sulla proposta di legge licenziata senza intoppi dalla Qunita Commissione. A favore anche tutti i capigruppo di opposizione. \u00abIl Consiglio ha affermato Pais \u2013 non potr\u00e0 in ogni caso incidere sulle norme di carattere penale, n\u00e9 modificare altre leggi nazionali\u00bb. In questi ultimi mesi moltissimi coltivatori hanno dovuto subire controlli e sequestri delle produzioni da parte delle forze dell\u2019ordine. La normativa nazionale \u00e8 infatti poco chiara e non consente agli operatori di lavorare in serenit\u00e0. I coltivatori contestano, in particolare, l\u2019interpretazione restrittiva di alcune norme da parte delle Procure sarde \u2013 contrariamente a quanto avviene in altre regioni italiane \u2013 che hanno fatto scattare nell\u2019Isola numerosi procedimenti penali a carico di decine di coltivatori. Com<\/p>\n","protected":false},"excerpt":{"rendered":"<p>Cagliari, 10 Nov 2021\u00a0\u2013\u00a0Sar\u00e0 presto discussa in Consiglio regionale la legge sulla coltivazione della canapa industriale. Lo hanno assicurato i capigruppo dell\u2019Assemblea sarda di maggioranza&#8230;<\/p>\n","protected":false},"author":2,"featured_media":192513,"comment_status":"closed","ping_status":"open","sticky":false,"template":"","format":"standard","meta":[],"categories":[49,52],"tags":[],"_links":{"self":[{"href":"https:\/\/www.cronacaonline.it\/index.php\/wp-json\/wp\/v2\/posts\/214143"}],"collection":[{"href":"https:\/\/www.cronacaonline.it\/index.php\/wp-json\/wp\/v2\/posts"}],"about":[{"href":"https:\/\/www.cronacaonline.it\/index.php\/wp-json\/wp\/v2\/types\/post"}],"author":[{"embeddable":true,"href":"https:\/\/www.cronacaonline.it\/index.php\/wp-json\/wp\/v2\/users\/2"}],"replies":[{"embeddable":true,"href":"https:\/\/www.cronacaonline.it\/index.php\/wp-json\/wp\/v2\/comments?post=214143"}],"version-history":[{"count":1,"href":"https:\/\/www.cronacaonline.it\/index.php\/wp-json\/wp\/v2\/posts\/214143\/revisions"}],"predecessor-version":[{"id":214144,"href":"https:\/\/www.cronacaonline.it\/index.php\/wp-json\/wp\/v2\/posts\/214143\/revisions\/214144"}],"wp:featuredmedia":[{"embeddable":true,"href":"https:\/\/www.cronacaonline.it\/index.php\/wp-json\/wp\/v2\/media\/192513"}],"wp:attachment":[{"href":"https:\/\/www.cronacaonline.it\/index.php\/wp-json\/wp\/v2\/media?parent=214143"}],"wp:term":[{"taxonomy":"category","embeddable":true,"href":"https:\/\/www.cronacaonline.it\/index.php\/wp-json\/wp\/v2\/categories?post=214143"},{"taxonomy":"post_tag","embeddable":true,"href":"https:\/\/www.cronacaonline.it\/index.php\/wp-json\/wp\/v2\/tags?post=214143"}],"curies":[{"name":"wp","href":"https:\/\/api.w.org\/{rel}","templated":true}]}}