{"id":214127,"date":"2021-11-10T09:53:32","date_gmt":"2021-11-10T08:53:32","guid":{"rendered":"https:\/\/www.cronacaonline.it\/?p=214127"},"modified":"2021-11-10T09:53:33","modified_gmt":"2021-11-10T08:53:33","slug":"covid-mattarella-con-vaccini-e-rispetto-regole-riacquistiamo-normalita","status":"publish","type":"post","link":"https:\/\/www.cronacaonline.it\/index.php\/2021\/11\/10\/covid-mattarella-con-vaccini-e-rispetto-regole-riacquistiamo-normalita\/","title":{"rendered":"Covid, Mattarella: con vaccini e rispetto regole riacquistiamo normalit\u00e0."},"content":{"rendered":"\n<p>Roma, 10 Nov 2021 - \"Abbiamo dato dimostrazione di saggezza e volont\u00e0 di ripresa. E' stato fatto un grande lavoro. Occorre adesso prevenire e contrastare le ulteriori, pericolose insidie, che provengono dai nuovi contagi. Il tempo della responsabilit\u00e0 non \u00e8 ancora concluso. Soprattutto grazie ai vaccini - e grazie al senso di responsabilit\u00e0 e al rispetto degli altri e delle regole manifestati dalla quasi totalit\u00e0 dei nostri concittadini - siamo riusciti a superare il tornante pi\u00f9 impervio, abbiamo riconquistato importanti spazi di normalit\u00e0, di libert\u00e0, e siamo incamminati su un percorso nuovo dove si pu\u00f2 tornare a progettare, a costruire, a operare per un futuro migliore anche rispetto a quello che si presentava prima della comparsa della pandemia, come dimostra l'andamento della nostra economia\". Lo dice il presidente della Repubblica, Sergio Mattarella, nel suo intervento alla 38\u00aa Assemblea dell'Anci a Parma.<\/p>\n\n\n\n<p>\"In queste ultime settimane manifestazioni non sempre autorizzate hanno tentato di far passare come libera manifestazione del pensiero l'attacco recato al libero svolgersi delle attivit\u00e0. Accanto alle criticit\u00e0 per l'ordine pubblico, sovente con l'ostentata rinuncia a dispositivi di protezione personale e alle norme di cautela anti Covid, hanno provocato un pericoloso incremento del contagio. Le forme legittime di dissenso non possono mai sopraffare il dovere civico di proteggere i pi\u00f9 deboli: dobbiamo sconfiggere il virus, non attaccare gli strumenti che lo combattono. Lo ha detto il presidente Sergio Mattarella al congresso dell'Anci. \"E in ogni caso - ha detto il Capo dello Stato - atti di vandalismo e di violenza sono gravi e inammissibili e suscitano qualche preoccupazione, sembrando, talvolta, raffigurarsi come tasselli, pi\u00f9 o meno consapevoli, di una intenzione che pone in discussione le basi stesse della nostra convivenza\", ha sottolineato il Capo dello Stato.<\/p>\n\n\n\n<p>\"Amministrare una istituzione locale richiede oggi, accanto alla cura quotidiana nella gestione dei servizi, un'accresciuta capacit\u00e0 di previsione e di lungimiranza. L'amministrazione locale, in maggioranza o all'opposizione, \u00e8 un grande esercizio di vita democratica: nei suoi confronti va espresso rispetto e considerazione da parte delle altre istituzioni e di tutti i cittadini. Il riconoscimento del valore del ruolo di chi amministra \u00e8 parte della dignit\u00e0 delle istituzioni democratiche. A questo riguardo il Parlamento \u00e8 impegnato nell'esame di proposte di legge che includono richieste sostenute dall'Anci anche sul tema delle responsabilit\u00e0 degli amministratori locali\". Lo ha detto il presidente Sergio Mattarella al congresso dell'Anci.<\/p>\n\n\n\n<p>\"Il Pnrr \u00e8 occasione significativa per riprogettare il Paese, per il cambiamento, per ridurre ed eliminare i divari tra realt\u00e0 urbane e zone rurali, per mettere in valore risorse come quelle montane, da tempo esposte al declino. \u00c8 una sfida difficile che ci costringe a ripensare modelli di vita, distribuzione e accesso ai servizi, dopo decenni in cui la spinta al risparmio di risorse pubbliche, ha inciso profondamente e non sempre raggiungendo gli obiettivi\". Lo ha detto il presidente della Repubblica, Sergio Mattarella, intervenendo all'inaugurazione della 38\u00aa Assemblea nazionale dell'Anci a Parma. \"I programmi dei Comuni d'Italia sono parte di grande rilievo, integrante di un processo di cambiamento che l'Europa intende promuovere, sostenere, e dove possibile accelerare. Un rilancio dell'Europa come attore globale, che poggia anche sulla forza delle sue citt\u00e0, delle sue regioni, delle istituzioni nazionali e di quelle comunitarie\", ha sottolineato il capo dello Stato.<\/p>\n","protected":false},"excerpt":{"rendered":"<p>Roma, 10 Nov 2021 &#8211; &#8220;Abbiamo dato dimostrazione di saggezza e volont\u00e0 di ripresa. E&#8217; stato fatto un grande lavoro. Occorre adesso prevenire e contrastare&#8230;<\/p>\n","protected":false},"author":2,"featured_media":214128,"comment_status":"closed","ping_status":"open","sticky":false,"template":"","format":"standard","meta":[],"categories":[49,51],"tags":[],"_links":{"self":[{"href":"https:\/\/www.cronacaonline.it\/index.php\/wp-json\/wp\/v2\/posts\/214127"}],"collection":[{"href":"https:\/\/www.cronacaonline.it\/index.php\/wp-json\/wp\/v2\/posts"}],"about":[{"href":"https:\/\/www.cronacaonline.it\/index.php\/wp-json\/wp\/v2\/types\/post"}],"author":[{"embeddable":true,"href":"https:\/\/www.cronacaonline.it\/index.php\/wp-json\/wp\/v2\/users\/2"}],"replies":[{"embeddable":true,"href":"https:\/\/www.cronacaonline.it\/index.php\/wp-json\/wp\/v2\/comments?post=214127"}],"version-history":[{"count":1,"href":"https:\/\/www.cronacaonline.it\/index.php\/wp-json\/wp\/v2\/posts\/214127\/revisions"}],"predecessor-version":[{"id":214129,"href":"https:\/\/www.cronacaonline.it\/index.php\/wp-json\/wp\/v2\/posts\/214127\/revisions\/214129"}],"wp:featuredmedia":[{"embeddable":true,"href":"https:\/\/www.cronacaonline.it\/index.php\/wp-json\/wp\/v2\/media\/214128"}],"wp:attachment":[{"href":"https:\/\/www.cronacaonline.it\/index.php\/wp-json\/wp\/v2\/media?parent=214127"}],"wp:term":[{"taxonomy":"category","embeddable":true,"href":"https:\/\/www.cronacaonline.it\/index.php\/wp-json\/wp\/v2\/categories?post=214127"},{"taxonomy":"post_tag","embeddable":true,"href":"https:\/\/www.cronacaonline.it\/index.php\/wp-json\/wp\/v2\/tags?post=214127"}],"curies":[{"name":"wp","href":"https:\/\/api.w.org\/{rel}","templated":true}]}}