{"id":214124,"date":"2021-11-10T09:46:07","date_gmt":"2021-11-10T08:46:07","guid":{"rendered":"https:\/\/www.cronacaonline.it\/?p=214124"},"modified":"2021-11-10T09:46:08","modified_gmt":"2021-11-10T08:46:08","slug":"migranti-sfondata-recinzione-della-frontiera-fra-polonia-e-bielorussia","status":"publish","type":"post","link":"https:\/\/www.cronacaonline.it\/index.php\/2021\/11\/10\/migranti-sfondata-recinzione-della-frontiera-fra-polonia-e-bielorussia\/","title":{"rendered":"Migranti, sfondata recinzione della frontiera fra Polonia e Bielorussia."},"content":{"rendered":"\n<p>Cagliari, 10 Nov 2021 - Due gruppi di migranti sono riusciti a sfondare il recinto della frontiera fra Polonia e Bielorussia attraversando il confine: \u00e8 quello che scrive l'agenzia polacca PAP, secondo diversi media tedeschi. Lo sfondamento \u00e8 avvenuto nei due villaggi di Krynki e Bialowieza.\u00a0\u200bAlla frontiera da giorni ci sono migliaia di migranti ammassati che cercano di entrare in Europa; ieri Varsavia ha accusato esplicitamente il presidente russo Vladimir Putin di aver orchestrato la crisi.<\/p>\n\n\n\n<p>In mattinata il ministro della Difesa polacco, Mariusz Baszczak, aveva reso noto che erano stati fatti molti tentativi di violare il confine con la Bielorussia nella notte. \"Non \u00e8 stata una notte tranquilla. Ci sono stati molti tentativi di rompere la linea, ma tutti coloro che l'hanno attraversata sono stati arrestati\", ha detto il ministro. \"Voglio comunque rassicurarvi - ha aggiunto- che ci sono gi\u00e0 15mila uomini alla frontiera, soldati dell'esercito polacco. Il numero \u00e8 stato aumentato e naturalmente, pu\u00f2 essere aumentato ancora di piu' se necessario\".<\/p>\n\n\n\n<p>La Bielorussia ha accusato le forze&nbsp;polacche di aver picchiato alcuni migranti, nello specifico quattro&nbsp;persone di etnia curda, che tentavano di entrare nell'Ue, mentre&nbsp;aumentano le critiche nei confronti di Minsk per la&nbsp;\"strumentalizzazione\" dei migranti bloccati al confine.<\/p>\n\n\n\n<p>I quattro \"sono stati arrestati in Polonia dove avevano cercato di&nbsp;chiedere protezione e status di rifugiato\", ha dichiarato in una nota&nbsp;il servizio delle guardie di frontiera bielorusse, diffondendo immagini che mostrano quattro uomini, alcuni con vestiti insanguinati&nbsp;e uno con tagli sulle mani, che si coprivano il viso.&nbsp;\"A giudicare dalle numerose ferite sui corpi dei migranti, le forze di sicurezza polacche hanno maltrattato le persone e, usando la forza, le hanno spinte oltre una recinzione di filo spinato al confine con la Bielorussia\", si afferma nella nota.<\/p>\n\n\n\n<p>Il presidente del Consiglio europeo, Charles Michel, incontra stamane a Varsavia il primo ministro Mateusz&nbsp;Morawiecki. \u00c8 quanto si legge sull'agenda aggiornata del presidente del Consiglio europeo.&nbsp; Il governo polacco accusa Minsk di spingere migliaia di persone verso i confini del Paese, mentre il presidente bielorusso Lukashenko ha&nbsp;denunciato \"il dispiegamento delle forze regolari polacche al&nbsp;confine\", sottolineando che il suo Paese \"non si inginocchier\u00e0&nbsp;all'Ue\".<\/p>\n\n\n\n<p>Ieri Michel ha stigmatizzato la situazione su twitter: \"Usare migranti vulnerabili come parte di un attacco ibrido va al di l\u00e0 del disprezzo. L'Ue non accetter\u00e0 alcun tentativo di strumentalizzare i migranti\", ha scritto esprimendo \"piena solidariet\u00e0\" ai Paesi membri dell'Ue.<\/p>\n\n\n\n<p>Intanto la Germania \u00e8 tornata a sollecitare nuove sanzioni dell'Unione Europea contro la Bielorussia, il cui presidente Alexander Lukashenko sfrutta \"senza scrupoli\" i migranti mandandoli al confine con la Polonia. Lo ha detto il ministro degli Esteri tedesco Heiko Maas. \"Sanzioneremo tutti coloro che sono coinvolti nel traffico mirato di migranti\", ha annunciato Maas secondo il quale l'Ue lavorer\u00e0 per \"estendere e rafforzare le sanzioni contro il regime di Lukashenko\".<\/p>\n\n\n\n<p>\"L'Unione Europea non pu\u00f2 essere ricattata\", ha aggiunto Maas.<\/p>\n\n\n\n<p>\"La situazione dei migranti assembrati al&nbsp;confine tra Bielorussia e Polonia ha del paradossale. Dall'una e&nbsp;dall'altra parte si usano i migranti per interessi politici\". Lo&nbsp;denuncia senza mezzi termini mons. Giancarlo Perego,&nbsp;presidente della Commissione per le Migrazioni della Conferenza&nbsp;Episcopale Italiana e della Fondazione Migrantes. \"Nessuno parla di&nbsp;chi siano queste persone migranti, il loro volto, la loro storia. E certo - osserva il presule - che da entrambi le parti c'\u00e8 solo un rifiuto o uno sfruttamento. Ancora una volta i migranti sono&nbsp;le sole&nbsp;vittime\".<\/p>\n","protected":false},"excerpt":{"rendered":"<p>Cagliari, 10 Nov 2021 &#8211; Due gruppi di migranti sono riusciti a sfondare il recinto della frontiera fra Polonia e Bielorussia attraversando il confine: \u00e8&#8230;<\/p>\n","protected":false},"author":2,"featured_media":214125,"comment_status":"closed","ping_status":"open","sticky":false,"template":"","format":"standard","meta":[],"categories":[49,50],"tags":[],"_links":{"self":[{"href":"https:\/\/www.cronacaonline.it\/index.php\/wp-json\/wp\/v2\/posts\/214124"}],"collection":[{"href":"https:\/\/www.cronacaonline.it\/index.php\/wp-json\/wp\/v2\/posts"}],"about":[{"href":"https:\/\/www.cronacaonline.it\/index.php\/wp-json\/wp\/v2\/types\/post"}],"author":[{"embeddable":true,"href":"https:\/\/www.cronacaonline.it\/index.php\/wp-json\/wp\/v2\/users\/2"}],"replies":[{"embeddable":true,"href":"https:\/\/www.cronacaonline.it\/index.php\/wp-json\/wp\/v2\/comments?post=214124"}],"version-history":[{"count":1,"href":"https:\/\/www.cronacaonline.it\/index.php\/wp-json\/wp\/v2\/posts\/214124\/revisions"}],"predecessor-version":[{"id":214126,"href":"https:\/\/www.cronacaonline.it\/index.php\/wp-json\/wp\/v2\/posts\/214124\/revisions\/214126"}],"wp:featuredmedia":[{"embeddable":true,"href":"https:\/\/www.cronacaonline.it\/index.php\/wp-json\/wp\/v2\/media\/214125"}],"wp:attachment":[{"href":"https:\/\/www.cronacaonline.it\/index.php\/wp-json\/wp\/v2\/media?parent=214124"}],"wp:term":[{"taxonomy":"category","embeddable":true,"href":"https:\/\/www.cronacaonline.it\/index.php\/wp-json\/wp\/v2\/categories?post=214124"},{"taxonomy":"post_tag","embeddable":true,"href":"https:\/\/www.cronacaonline.it\/index.php\/wp-json\/wp\/v2\/tags?post=214124"}],"curies":[{"name":"wp","href":"https:\/\/api.w.org\/{rel}","templated":true}]}}