{"id":214114,"date":"2021-11-09T18:13:19","date_gmt":"2021-11-09T17:13:19","guid":{"rendered":"https:\/\/www.cronacaonline.it\/?p=214114"},"modified":"2021-11-09T18:13:20","modified_gmt":"2021-11-09T17:13:20","slug":"coronavirus-in-italia-tra-ieri-e-oggi-sono-stati-rilevati-6-032-nuovi-casi-e-68-morti-tasso-di-positivita-a-09","status":"publish","type":"post","link":"https:\/\/www.cronacaonline.it\/index.php\/2021\/11\/09\/coronavirus-in-italia-tra-ieri-e-oggi-sono-stati-rilevati-6-032-nuovi-casi-e-68-morti-tasso-di-positivita-a-09\/","title":{"rendered":"Coronavirus, in Italia tra ieri e oggi sono stati rilevati 6.032 nuovi casi e 68 morti. Tasso di positivit\u00e0 a 0,9%."},"content":{"rendered":"\n<p>Cagliari, 9 Nov 2021 - Secondo l'aggiornamento odierno dei dati del ministero della Salute sull'andamento della pandemia in Italia, nelle ultime 24 ore si sono registrati 6.032 nuovi casi, a fronte di 645.689 tamponi effettuati. 68 i decessi.<\/p>\n\n\n\n<p>Ieri i casi erano stati 4.197 con 38 decessi e 249.115 tamponi. Il tasso di positivit\u00e0 (rapporto tra nuovi casi e tamponi eseguiti) scende allo&nbsp;0.9%, contro il precedente 1.7%.<\/p>\n\n\n\n<p>Il totale degli ospedalizzati in Italia \u00e8 di 3.857 pazienti, con un aumento di 80 casi rispetto a ieri. Di questi, in terapia intensiva sono 421, con un aumento di 6 unit\u00e0. In isolamento domiciliare si trovano 96.348 persone, 1.350 in pi\u00f9 nelle ultime 24 ore. Tra dimessi e guariti si contano 4.586.009 persone, in aumento di 4.613 unit\u00e0.<\/p>\n\n\n\n<p>Il totale degli attualmente positivi&nbsp;torna sopra quota 100mila, con 100.205 casi, cio\u00e8 1.430 in pi\u00f9 rispetto all'ultimo rilevamento. I deceduti sono 68 nelle ultime 24 ore per un totale di 132.491 vittime del Covid-19 dall'inizio della pandemia in Italia. I casi totali sono 4.818.705 (+6.032). I tamponi nelle ultime 24 ore sono stati 645.689, cio\u00e8 396.574 in pi\u00f9 rispetto al giorno precedente.<\/p>\n\n\n\n<p>Le regioni che hanno registrato il maggior numero di nuovi casi giornalieri sono Veneto (+883), Lombardia (+849), Lazio (+773), Sicilia (+504), Campania (+493), Emilia-Romagna (+458), Piemonte (+418).<\/p>\n\n\n\n<p>Ricoveri in terapia intensiva per Covid sopra la soglia del 10% in Friuli Venezia Giulia e nelle Marche. \u00c8 quanto emerge dall'aggiornamento di Agenas secondo le rilevazioni sui dati dell'8 novembre. In dettaglio, in Fvg i ricoveri in intensiva sono in salita di un punto all'11%, stessa percentuale - con dato invariato - delle Marche. A livello nazionale si registra un aumento del +1% dei ricoveri in intensiva al 5%, stabili al 6% quelli in area non critica.<\/p>\n","protected":false},"excerpt":{"rendered":"<p>Cagliari, 9 Nov 2021 &#8211; Secondo l&#8217;aggiornamento odierno dei dati del ministero della Salute sull&#8217;andamento della pandemia in Italia, nelle ultime 24 ore si sono&#8230;<\/p>\n","protected":false},"author":2,"featured_media":214084,"comment_status":"closed","ping_status":"open","sticky":false,"template":"","format":"standard","meta":[],"categories":[49,50],"tags":[],"_links":{"self":[{"href":"https:\/\/www.cronacaonline.it\/index.php\/wp-json\/wp\/v2\/posts\/214114"}],"collection":[{"href":"https:\/\/www.cronacaonline.it\/index.php\/wp-json\/wp\/v2\/posts"}],"about":[{"href":"https:\/\/www.cronacaonline.it\/index.php\/wp-json\/wp\/v2\/types\/post"}],"author":[{"embeddable":true,"href":"https:\/\/www.cronacaonline.it\/index.php\/wp-json\/wp\/v2\/users\/2"}],"replies":[{"embeddable":true,"href":"https:\/\/www.cronacaonline.it\/index.php\/wp-json\/wp\/v2\/comments?post=214114"}],"version-history":[{"count":1,"href":"https:\/\/www.cronacaonline.it\/index.php\/wp-json\/wp\/v2\/posts\/214114\/revisions"}],"predecessor-version":[{"id":214115,"href":"https:\/\/www.cronacaonline.it\/index.php\/wp-json\/wp\/v2\/posts\/214114\/revisions\/214115"}],"wp:featuredmedia":[{"embeddable":true,"href":"https:\/\/www.cronacaonline.it\/index.php\/wp-json\/wp\/v2\/media\/214084"}],"wp:attachment":[{"href":"https:\/\/www.cronacaonline.it\/index.php\/wp-json\/wp\/v2\/media?parent=214114"}],"wp:term":[{"taxonomy":"category","embeddable":true,"href":"https:\/\/www.cronacaonline.it\/index.php\/wp-json\/wp\/v2\/categories?post=214114"},{"taxonomy":"post_tag","embeddable":true,"href":"https:\/\/www.cronacaonline.it\/index.php\/wp-json\/wp\/v2\/tags?post=214114"}],"curies":[{"name":"wp","href":"https:\/\/api.w.org\/{rel}","templated":true}]}}