{"id":214038,"date":"2021-11-08T10:20:07","date_gmt":"2021-11-08T09:20:07","guid":{"rendered":"https:\/\/www.cronacaonline.it\/?p=214038"},"modified":"2021-11-08T10:20:09","modified_gmt":"2021-11-08T09:20:09","slug":"covid-aumentano-i-contagi-si-accelera-sulle-terze-dosi","status":"publish","type":"post","link":"https:\/\/www.cronacaonline.it\/index.php\/2021\/11\/08\/covid-aumentano-i-contagi-si-accelera-sulle-terze-dosi\/","title":{"rendered":"Covid, aumentano i contagi: si accelera sulle terze dosi."},"content":{"rendered":"\n<p>Roma, 8 Nov 2021 - La terza dose traina la campagna vaccinale: sono 2.128.928 quelle finora somministrate, pari al 35,40% della platea (finora over 60, sanitari e fragili almeno 6 mesi dopo il richiamo). La somministrazione delle terze dosi gi\u00e0 viaggia al ritmo di 100 mila iniezioni al giorno e con questa media si spera nel traguardo dei 7 milioni di italiani con booster entro il 2021, in vista di ulteriori inoculazioni alle prossime fasce di et\u00e0 under 60.\u00a0<\/p>\n\n\n\n<p>Le cosiddette dosi aggiuntive sono 338.595 (38,33% della platea, ovvero i fragili) mentre le booster (tra cui entrano oltre a over 60 e sanitari anche chi ha fatto almeno da sei mesi il siero di J&amp;J) sono 1.790.333 (34,89%della platea). I dati sulle fasce di rischio delle varie Regioni in tutto il Paese non preoccupano e tutta l'Italia centra l'obiettivo zona bianca probabilmente almeno fino a met\u00e0 novembre: \u00e8 del 4% l'occupazione delle terapie intensive a livello nazionale e del 6% (con un aumento dell'1%) quella in area medica non critica negli ospedali per i casi Covid in Italia, sotto alle soglie fissate dagli indicatori rispettivamente del 10% e del 15%. Due le regioni che hanno raggiunto la soglia per le intensive, le Marche con l'11% in crescita (era all'8% il primo novembre scorso) e il Friuli Venezia Giulia al 10%. Nelle due regioni i ricoveri in area medica non critica sono per fortuna sotto la soglia di diversi punti percentuali: le Marche sono al 6% e il Friuli Venezia Giulia al 9% (+1% sul giorno precedente). I dati di occupazione pi\u00f9 alti in area medica si registrano in Calabria con il 12% (+1%), nella provincia di Bolzano con l'11% ma in discesa di un punto percentuale, e in Valle d'Aosta che ha registrato un balzo in avanti del 7% portandosi sull'11%.<\/p>\n\n\n\n<p>Aumentano i contagi ma curva rallenta Nella settimana appena trascorsa, 1-7 novembre 2021, continuano a salire i contagi da Covid-19 in Italia, ma la curva rallenta rispetto alle settimane precedenti. In crescita i decessi, che da inizio ottobre seguono una curva ondulatoria comunque in leggero aumento. Da quanto emerge dall'analisi dei numeri nei bollettini quotidiani forniti da Ministero della Salute e Istituto superiore di Sanit\u00e0, tra 1 e 7 novembre scorsi sono stati in totale 36095 i casi di nuovi contagi in Italia: +17,22% rispetto ai 30792 della settimana precedente.<\/p>\n\n\n\n<p>Una crescita comunque in calo, anzi quasi dimezzata, visto che la settimana 25-31 ottobre aveva visto un aumento del 32,13% sul 18-24 ottobre (30792 vs 23305), che a sua volta aveva segnato un +32,4% sulla settimana 11-17 ottobre. Quanto ai decessi, nell'ultima settimana aumentano del 6,2%. Il numero delle vittime \u00e8 in crescita e segue una curva ondulatoria: sono state 270 nella settimana 4-10 ottobre, 240 nella settimana 11-17 ottobre (-11,11%), 285 nella settimana 18-24 ottobre (+18,75%), 274 nella settimana 25-31 ottobre (-3,86%).<\/p>\n\n\n\n<p>''Ci concentriamo troppo sui no vax, che&nbsp;sono una minoranza. Bisognerebbe piuttosto spingere sulla&nbsp;terza dose, nelle fasce di popolazione fragili, negli over 80, nei sanitari, in coloro che hanno rapporti con il pubblico, e convincere soprattutto chi non ha completato il ciclo vaccinale, ancora troppi.&nbsp;In Italia si \u00e8 immunizzato l'85% delle persone: \u00e8 pi\u00f9 facile&nbsp;persuadere loro a sottoporsi a una terza iniezione, piuttosto che far&nbsp;vaccinare uno che finora non lo ha ancora fatto, salvo che non&nbsp;pensiamo ad azioni coraggiose di obbligo per fasce di popolazione. Ma&nbsp;quest'azione dovr\u00e0 necessariamente essere accompagnata ad altre che&nbsp;riconquistino la fiducia del cittadino nello strumento vaccino che in&nbsp;questi giorni sento vacillare''. Lo dice a Libero Francesco Vaia,&nbsp;direttore dello Spallanzani di Roma, l'Istituto Nazionale per le&nbsp;Malattie Infettive.<\/p>\n\n\n\n<p>La terza dose \"va somministrata, alla luce di quanto ci suggeriscono i dati scientifici. E comunque ci sono almeno tre buoni motivi: proteggere me stesso, i miei cari e le persone con cui vengo in contatto soprattutto se sono un sanitario\". Lo dice in due interviste al Corriere della Sera e a la Repubblica l'immunologo Alberto Mantovani, direttore scientifico dell'Humanitas di Rozzano e professore emerito all'Humanitas University di Milano, che propone: \"Diventiamo ambasciatori dei vaccini. Noi medici e scienziati non dovremmo andare solo in tv, ma anche in scuole e quartieri a incontrare la gente e ascoltarne i dubbi\".<\/p>\n\n\n\n<p>L'immunit\u00e0 di gregge \"\u00e8 irraggiungibile, ma possiamo puntare a un'immunit\u00e0 di famiglia, soprattutto in vista del Natale\".&nbsp; &nbsp;Due dosi \"dopo 6-8 mesi, ma probabilmente anche un po' pi\u00f9 a lungo, proteggono in modo soddisfacente da ricovero e morte. I numeri inglesi per\u00f2 ci mostrano un calo della protezione nei confronti del contagio e della malattia leggera. La terza dose serve a rafforzare le nostre difese\" aggiunge. La terza dose non comporta rischi per la salute, \"non c'\u00e8 alcun aumento della tossicit\u00e0\" sottolinea. Per quanto riguarda l'arrivo delle nuove pillole antivirali, \"ci sono diversi 'se'. Non \u00e8 una cura miracolosa, n\u00e9 tanto meno un'alternativa alla vaccinazione\".<\/p>\n\n\n\n<p>\"La durata della Carta Verde va allineata a quella del vaccino: la maggior parte degli italiani si \u00e8 vaccinata tra aprile e luglio, rischiamo tra qualche mese di avere ambienti meno sicuri, con persone che hanno probabilit\u00e0 pi\u00f9 elevate di infettarsi e di trasmettere il virus\". Lo ha sottolineato Andrea Crisanti, ordinario di Microbiologia all'Universit\u00e0 di Padova, ai microfoni di \"Agora'\" su Rai 3. \"Dai dati attualmente disponibili - ha ricordato Crisanti - emerge che dopo sei mesi la protezione del vaccino contro l'infezione cala dal 95 al 40% mentre quella contro la malattia e forme gravi scende dal 90 al 65%\".<\/p>\n\n\n\n<p>Il protocollo da oggi in vigore nelle scuole prevede misure diverse a seconda della fascia d'et\u00e0 degli alunni e dello status vaccinale. Se c'\u00e8 un caso positivo, i compagni di classe faranno un test e se il risultato sar\u00e0 negativo si potr\u00e0 tornare a scuola. Poi si far\u00e0 un altro tampone dopo 5 giorni. Con 2 positivi i vaccinati o negativizzati negli ultimi 6 mesi faranno il tampone, i non vaccinati la quarantena. Con 3 contagi andr\u00e0 in quarantena tutta la classe. Per i pi\u00f9 piccoli \u00e8 previsto un test subito e una quarantena di 10 giorni. Per i prof, dipende dal tempo di permanenza nella classe e dal contatto con il positivo. Il preside sospende le lezioni nel caso in cui l'Asl \"non possa intervenire subito\". I dati sui vaccinati non sono nella disponibilit\u00e0 della scuola e \"non vanno trattati\".<\/p>\n","protected":false},"excerpt":{"rendered":"<p>Roma, 8 Nov 2021 &#8211; La terza dose traina la campagna vaccinale: sono 2.128.928 quelle finora somministrate, pari al 35,40% della platea (finora over 60,&#8230;<\/p>\n","protected":false},"author":2,"featured_media":214031,"comment_status":"closed","ping_status":"open","sticky":false,"template":"","format":"standard","meta":[],"categories":[49,50],"tags":[],"_links":{"self":[{"href":"https:\/\/www.cronacaonline.it\/index.php\/wp-json\/wp\/v2\/posts\/214038"}],"collection":[{"href":"https:\/\/www.cronacaonline.it\/index.php\/wp-json\/wp\/v2\/posts"}],"about":[{"href":"https:\/\/www.cronacaonline.it\/index.php\/wp-json\/wp\/v2\/types\/post"}],"author":[{"embeddable":true,"href":"https:\/\/www.cronacaonline.it\/index.php\/wp-json\/wp\/v2\/users\/2"}],"replies":[{"embeddable":true,"href":"https:\/\/www.cronacaonline.it\/index.php\/wp-json\/wp\/v2\/comments?post=214038"}],"version-history":[{"count":1,"href":"https:\/\/www.cronacaonline.it\/index.php\/wp-json\/wp\/v2\/posts\/214038\/revisions"}],"predecessor-version":[{"id":214039,"href":"https:\/\/www.cronacaonline.it\/index.php\/wp-json\/wp\/v2\/posts\/214038\/revisions\/214039"}],"wp:featuredmedia":[{"embeddable":true,"href":"https:\/\/www.cronacaonline.it\/index.php\/wp-json\/wp\/v2\/media\/214031"}],"wp:attachment":[{"href":"https:\/\/www.cronacaonline.it\/index.php\/wp-json\/wp\/v2\/media?parent=214038"}],"wp:term":[{"taxonomy":"category","embeddable":true,"href":"https:\/\/www.cronacaonline.it\/index.php\/wp-json\/wp\/v2\/categories?post=214038"},{"taxonomy":"post_tag","embeddable":true,"href":"https:\/\/www.cronacaonline.it\/index.php\/wp-json\/wp\/v2\/tags?post=214038"}],"curies":[{"name":"wp","href":"https:\/\/api.w.org\/{rel}","templated":true}]}}