{"id":214012,"date":"2021-11-07T08:53:17","date_gmt":"2021-11-07T07:53:17","guid":{"rendered":"https:\/\/www.cronacaonline.it\/?p=214012"},"modified":"2021-11-07T08:53:18","modified_gmt":"2021-11-07T07:53:18","slug":"covid-speranza-se-gli-ospedali-reggono-a-natale-non-ci-saranno-restrizioni","status":"publish","type":"post","link":"https:\/\/www.cronacaonline.it\/index.php\/2021\/11\/07\/covid-speranza-se-gli-ospedali-reggono-a-natale-non-ci-saranno-restrizioni\/","title":{"rendered":"Covid, Speranza: &#8220;Se gli ospedali reggono a Natale non ci saranno restrizioni&#8221;."},"content":{"rendered":"\n<p>Roma, 7 Nov 2021 - \"Se i reparti ospedalieri tengono non scatteranno misure e sar\u00e0 un Natale come gli altri prima del Covid. Se invece i ricoveri salgono scatteranno le misure nei territori, in base al sistema dei colori. Non abbiamo mica sospeso la legge che prevede le fasce di rischio. Con il giallo tornano le mascherine all\u2019aperto e al ristorante c\u2019\u00e8 il limite di 4 a tavola\". Cos\u00ec il\u00a0ministro della Salute Roberto Speranza in un colloquio con il Corriere della Sera. \"Al momento non abbiamo pianificato nulla, non ci sono norme allo studio - aggiunge -\u00a0 L\u2019inverno \u00e8 la stagione pi\u00f9 insidiosa perch\u00e9 si sta pi\u00f9 al chiuso, quindi il mio invito \u00e8 alla prudenza totale, a indossare le mascherine e rispettare il distanziamento\". E per chi vuole viaggiare Speranza se la cava con una battuta. \"Io sono per le vacanze in Italia\".<\/p>\n\n\n\n<p>Sui rischi possibili di una quarta ondata il ministro rassicura: \"La strategia ha funzionato. Vaccini, green pass e mascherine, che non abbiamo tolto mai, ci stanno mettendo in condizioni di reggere meglio la quarta ondata\". Se l'Italia sta meglio rispetto a Germania, Francia, Gran Bretagna lo si deve al \"dato meraviglioso di 46 milioni e 716 mila italiani che hanno fatto almeno una dose\", nonch\u00e9 alla scelta del governo di allentare \"molto gradualmente\" le restrizioni. Speranza ribadisce poi la necessit\u00e0 di continuare a rispettare le regole per resistere in questa fase di rialzo della pandemia: \"Al chiuso resta l'obbligo di mascherine, non ho intenzione di toccarlo. E non si tocca l'uso robusto del green pass. I numeri sono dalla nostra parte, il modello adottato sta funzionando. Regole e strategia dunque non cambiano, ma ovviamente valuteremo\".<\/p>\n\n\n\n<p>La priorit\u00e0 del governo \u00e8 accelerare con la terza dose e avviare subito la vaccinazione dei bambini, sottolinea inoltre il ministro. Quando si parte con la fascia 5\/11 anni? \"Il mio auspicio \u00e8 dicembre, non appena l\u2019Ema avr\u00e0 approvato il vaccino e l\u2019Aifa avr\u00e0 dato il via libera per l\u2019Italia. Gli scienziati stanno dicendo che la dose di un terzo di Pfizer \u00e8 efficace e sicura. Lavoreremo con i pediatri per tranquillizzare le famiglie\". Dei 3,2 milioni di bambini di quella fascia, Speranza punta a vaccinarne almeno la met\u00e0: \"Se tra i 12 e i 19 anni siamo arrivati al 70%, per i pi\u00f9 piccoli dobbiamo arrivare almeno al 50%\".<\/p>\n\n\n\n<p>Anche sulla terza dose \u00e8 il momento di correre. \"Sabato abbiamo superato i due milioni e 44 mila booster e segnato il record di 120 mila terze dosi in un giorno, non sono pochissime\" osserva Speranza. \"Questa settimana decideremo con gli scienziati di allargare a ulteriori fasce d\u2019et\u00e0. Penso che a sei mesi dalla seconda dose sia opportuno favorire la terza per la platea pi\u00f9 larga possibile. Gi\u00e0 somministrare la terza dose alla fascia tra 40 e 60 sarebbe un bel risultato. Ci atterremo al parere degli scienziati\".<\/p>\n","protected":false},"excerpt":{"rendered":"<p>Roma, 7 Nov 2021 &#8211; &#8220;Se i reparti ospedalieri tengono non scatteranno misure e sar\u00e0 un Natale come gli altri prima del Covid. Se invece&#8230;<\/p>\n","protected":false},"author":2,"featured_media":204624,"comment_status":"closed","ping_status":"open","sticky":false,"template":"","format":"standard","meta":[],"categories":[49,50],"tags":[],"_links":{"self":[{"href":"https:\/\/www.cronacaonline.it\/index.php\/wp-json\/wp\/v2\/posts\/214012"}],"collection":[{"href":"https:\/\/www.cronacaonline.it\/index.php\/wp-json\/wp\/v2\/posts"}],"about":[{"href":"https:\/\/www.cronacaonline.it\/index.php\/wp-json\/wp\/v2\/types\/post"}],"author":[{"embeddable":true,"href":"https:\/\/www.cronacaonline.it\/index.php\/wp-json\/wp\/v2\/users\/2"}],"replies":[{"embeddable":true,"href":"https:\/\/www.cronacaonline.it\/index.php\/wp-json\/wp\/v2\/comments?post=214012"}],"version-history":[{"count":1,"href":"https:\/\/www.cronacaonline.it\/index.php\/wp-json\/wp\/v2\/posts\/214012\/revisions"}],"predecessor-version":[{"id":214013,"href":"https:\/\/www.cronacaonline.it\/index.php\/wp-json\/wp\/v2\/posts\/214012\/revisions\/214013"}],"wp:featuredmedia":[{"embeddable":true,"href":"https:\/\/www.cronacaonline.it\/index.php\/wp-json\/wp\/v2\/media\/204624"}],"wp:attachment":[{"href":"https:\/\/www.cronacaonline.it\/index.php\/wp-json\/wp\/v2\/media?parent=214012"}],"wp:term":[{"taxonomy":"category","embeddable":true,"href":"https:\/\/www.cronacaonline.it\/index.php\/wp-json\/wp\/v2\/categories?post=214012"},{"taxonomy":"post_tag","embeddable":true,"href":"https:\/\/www.cronacaonline.it\/index.php\/wp-json\/wp\/v2\/tags?post=214012"}],"curies":[{"name":"wp","href":"https:\/\/api.w.org\/{rel}","templated":true}]}}