{"id":214000,"date":"2021-11-06T14:54:46","date_gmt":"2021-11-06T13:54:46","guid":{"rendered":"https:\/\/www.cronacaonline.it\/?p=214000"},"modified":"2021-11-06T14:54:48","modified_gmt":"2021-11-06T13:54:48","slug":"cop26-alla-fine-la-montagna-ha-partorito-come-al-solito-un-topolino-nuove-manifestazioni-per-il-clima-in-tutto-il-mondo","status":"publish","type":"post","link":"https:\/\/www.cronacaonline.it\/index.php\/2021\/11\/06\/cop26-alla-fine-la-montagna-ha-partorito-come-al-solito-un-topolino-nuove-manifestazioni-per-il-clima-in-tutto-il-mondo\/","title":{"rendered":"Cop26, alla fine la montagna ha partorito, come al solito, un topolino. Nuove manifestazioni per il clima in tutto il mondo."},"content":{"rendered":"\n<p>Cagliari, 6 Nov 2021 - Dopo l'appello ad agire per evitare il peggio nella lotta al cambiamento climatico da parte dei militanti ambientalisti che criticano l'assenza di concretezza dei governanti riuniti dall'Onu a Glasgow per la Cop26, decine di migliaia di giovani manifesteranno oggi nuovamente nella citt\u00e0 scozzese ma anche in molte altre piazze di tutto il mondo.<\/p>\n\n\n\n<p>Marce per il clima sono infatti previste oggi a Sydney, Parigi, Londra, Dublino, Stoccolma Nairobi, Citt\u00e0 del Messico e in decine di altre citt\u00e0 di tutti i continenti: oltre 200 appuntamenti secondo quanto comunica la Cop26 Coalition, che mette insieme gli organizzatori dei diversi Paesi.<\/p>\n\n\n\n<p>L'obiettivo \u00e8 ottenere \"giustizia climatica\" e misure immediate soprattutto a favore delle comunit\u00e0 che gi\u00e0 risentono del riscaldamento globale, e soprattutto nei Paesi pi\u00f9 poveri.<\/p>\n\n\n\n<p>A Glasgow, la polizia ha creato un cordone di sicurezza attorno al centro congressi. Anche oggi nella citt\u00e0 scozzese \u00e8 prevista la presenza dell'attivista pi\u00f9 famosa del mondo, la svedese Greta Thunberg, dopo che ieri ha urlato in piazza la sua rabbia per \"il fallimento della Cop26\".<\/p>\n\n\n\n<p>Migliaia di persone si sono raccolte al Kelvingrove Park di Glasgow per la Marcia del clima organizzata Fridays For Future. Il corteo attraverser\u00e0 la citt\u00e0 per 4 km fino al Green Park.&nbsp; La polizia prevede 50.000 partecipanti. Il corteo sar\u00e0 diviso in pi\u00f9 blocchi. I manifestanti portano cartelli e striscioni che chiedono giustizia climatica. Forte la presenza dei sindacati britannici e delle rappresentanze dei paesi meno sviluppati. Numerosi cartelli dicono \"Climate refugees welcome\".<\/p>\n","protected":false},"excerpt":{"rendered":"<p>Cagliari, 6 Nov 2021 &#8211; Dopo l&#8217;appello ad agire per evitare il peggio nella lotta al cambiamento climatico da parte dei militanti ambientalisti che criticano&#8230;<\/p>\n","protected":false},"author":2,"featured_media":213738,"comment_status":"closed","ping_status":"open","sticky":false,"template":"","format":"standard","meta":[],"categories":[49,51],"tags":[],"_links":{"self":[{"href":"https:\/\/www.cronacaonline.it\/index.php\/wp-json\/wp\/v2\/posts\/214000"}],"collection":[{"href":"https:\/\/www.cronacaonline.it\/index.php\/wp-json\/wp\/v2\/posts"}],"about":[{"href":"https:\/\/www.cronacaonline.it\/index.php\/wp-json\/wp\/v2\/types\/post"}],"author":[{"embeddable":true,"href":"https:\/\/www.cronacaonline.it\/index.php\/wp-json\/wp\/v2\/users\/2"}],"replies":[{"embeddable":true,"href":"https:\/\/www.cronacaonline.it\/index.php\/wp-json\/wp\/v2\/comments?post=214000"}],"version-history":[{"count":1,"href":"https:\/\/www.cronacaonline.it\/index.php\/wp-json\/wp\/v2\/posts\/214000\/revisions"}],"predecessor-version":[{"id":214001,"href":"https:\/\/www.cronacaonline.it\/index.php\/wp-json\/wp\/v2\/posts\/214000\/revisions\/214001"}],"wp:featuredmedia":[{"embeddable":true,"href":"https:\/\/www.cronacaonline.it\/index.php\/wp-json\/wp\/v2\/media\/213738"}],"wp:attachment":[{"href":"https:\/\/www.cronacaonline.it\/index.php\/wp-json\/wp\/v2\/media?parent=214000"}],"wp:term":[{"taxonomy":"category","embeddable":true,"href":"https:\/\/www.cronacaonline.it\/index.php\/wp-json\/wp\/v2\/categories?post=214000"},{"taxonomy":"post_tag","embeddable":true,"href":"https:\/\/www.cronacaonline.it\/index.php\/wp-json\/wp\/v2\/tags?post=214000"}],"curies":[{"name":"wp","href":"https:\/\/api.w.org\/{rel}","templated":true}]}}