{"id":213977,"date":"2021-11-06T07:43:17","date_gmt":"2021-11-06T06:43:17","guid":{"rendered":"https:\/\/www.cronacaonline.it\/?p=213977"},"modified":"2021-11-06T07:43:19","modified_gmt":"2021-11-06T06:43:19","slug":"maltempo-nel-fine-settimana-in-sardegna-attesi-forti-nubifragi-e-vento-verso-alta-marea-a-venezia","status":"publish","type":"post","link":"https:\/\/www.cronacaonline.it\/index.php\/2021\/11\/06\/maltempo-nel-fine-settimana-in-sardegna-attesi-forti-nubifragi-e-vento-verso-alta-marea-a-venezia\/","title":{"rendered":"Maltempo nel fine settimana: in Sardegna attesi forti nubifragi e vento. Verso alta marea a Venezia."},"content":{"rendered":"\n<p>Cagliari, 6 Nov 2021 - Nel corso del fine settimana un nuovo vortice mediterraneo provocher\u00e0 un guasto del tempo sulle regioni centro-meridionali. IlMeteo.it, comunica che il vortice ciclonico Poppea nei prossimi giorni continuer\u00e0 a condizionare il tempo atmosferico sul bacino del Mediterraneo, facendo sentire i suoi effetti su molte regioni italiane. Nel corso della giornata di sabato 6 il centro di bassa pressione andr\u00e0 via via approfondendosi: piogge e temporali anche di forte intensit\u00e0 interesseranno Sardegna, Toscana, Lazio, Abruzzo, Campania, Puglia, Molise e Basilicata.<\/p>\n\n\n\n<p>In questo frangente osservata speciale sar\u00e0 la Sardegna: a causa dei forti contrasti che si verranno a creare, non \u00e8 esclusa la possibilit\u00e0 di veri e propri nubifragi accompagnati da raffiche burrascose di vento lungo le coste pi\u00f9 esposte.&nbsp;Domenica 7 l'alta pressione delle Azzorre riuscir\u00e0 a imporsi con sempre maggiore decisione al Nord e su Parte del Centro: la giornata festiva trascorrer\u00e0 dunque all'insegna di un tempo maggiormente soleggiato, ma via via pi\u00f9 freddo specie al mattino e in serata. Qualche pioggia sar\u00e0 invece ancora possibile sulla Sardegna. Cattive notizie invece per la prossima settimana funestata da un nuovo vortice ciclonico.<\/p>\n\n\n\n<p>Al nord: piogge deboli in Emilia Romagna, nubi irregolari altrove. Al centro: maltempo con rovesci su gran parte delle regioni. Al sud: piogge o temporali su Campania, Puglia centro-settentrionale e parte della Basilicata. Domenica 7. Al nord: primissime ore con piovaschi in Emilia, poi tempo asciutto e anche soleggiato. Al centro: in gran parte asciutto salvo una certa instabilit\u00e0 lungo le coste della Sardegna. Al sud: asciutto, ma con molte nubi. Da luned\u00ec nuovo vortice con condizioni di maltempo soprattutto al Centro-Sud.<\/p>\n\n\n\n<p>Meteo in graduale peggioramento sulla Toscana con forti raffiche di vento Grecale dalle prime ore di domani, sabato, accompagnate da deboli piogge inizialmente sul sud in estensione nel corso della notte anche al centro nord della regione. Dal tardo pomeriggio di domani \u00e8 previsto un aumento dell'instabilit\u00e0 con possibilit\u00e0 di temporali sul sud della regione e sull'Arcipelago. Per questo la Sala operativa della protezione civile regionale ha emesso un codice giallo per vento forte su gran parte della Toscana, ad esclusione di Lunigiana, Versilia e versanti appenninici, con validit\u00e0 dalla mezzanotte di oggi fino alla mezzanotte di domani, sabato 6 novembre. Ulteriori dettagli e consigli sui comportamenti da adottare, a seconda del rischio, si trovano all'interno della sezione \"Allerta meteo\" del sito della Regione Toscana.<\/p>\n\n\n\n<p>\"Il Centro Funzionale Regionale rende noto che il Dipartimento della Protezione Civile ha emesso oggi l'avviso di condizioni meteorologiche avverse con indicazione che dal mattino di domani, sabato 6 novembre 2021, e per le successive 12-18 ore si prevedono sul Lazio: precipitazioni da sparse a diffuse, anche a carattere di rovescio o temporale con quantitativi cumulati generalmente moderati. Il Centro Funzionale Regionale ha effettuato la valutazione dei Livelli di Allerta\/Criticit\u00e0 e ha pertanto inoltrato un bollettino con allerta gialla per criticit\u00e0 idrogeologica su tutte le zone di allerta del Lazio. La Sala Operativa Permanente della Regione Lazio ha diramato l'allertamento del Sistema di Protezione Civile Regionale e invitato tutte le strutture ad adottare tutti gli adempimenti di competenza. Si ricorda, infine, che per ogni emergenza la popolazione potr\u00e0 fare riferimento alle strutture comunali di Protezione civile alle quali la Sala Operativa Regionale garantir\u00e0 costante supporto\". Lo comunica in una nota la Protezione Civile del Lazio.<\/p>\n\n\n\n<p>Il Centro Maree del Comune di Venezia ha comunicato che alle 10:50 di domani \u00e8 previsto un picco di marea di 110 cm sul medio mare. Possibile il sollevamento delle barriere del Mose.<\/p>\n\n\n\n<p>Intanto, in seguito al passaggio del ciclone Apollo e al progressivo aggiornamento della ricognizione dei danni causati dall'eccezionale ondata di maltempo che lo scorso ottobre ha colpito la Sicilia, il governo regionale ha esteso ad altri Comuni lo stato di emergenza regionale e la richiesta dello stato di calamit\u00e0 nazionale gi\u00e0 deliberati il 27 ottobre. \"Il bilancio complessivo \u00e8 pesante, altri Comuni si aggiungono alla lista di quelli che dovranno ricevere adeguati ristori. Roma ci ha assicurato sostegno, confidiamo che sia celere e adeguato\", commenta il presidente della Regione Siciliana Nello Musumeci. In base alla relazione della Protezione civile regionale, guidata da Salvo Cocina, l\u2019elenco degli 86 Comuni danneggiati dagli eventi meteo tra il 5 e il 26 ottobre \u00e8 stato integrato con altri 13 territori. Relativamente al passaggio del ciclone Apollo tra il 28 e il 31 ottobre - che ha causato danni al patrimonio pubblico e privato, interruzione di viabilit\u00e0 comunale, provinciale, statale e autostradale, allagamenti, interruzione di pubblici servizi, cedimenti di opere di protezione di moli e porti, isolamento di frazioni costringendo all\u2019evacuazione di numerose famiglie -&nbsp; sono interessati alla dichiarazione dello stato di emergenza 32 Comuni. La stima dei danni \u00e8 ancora in corso. Una prima valutazione dei danni ha quantificato in 2 milioni di euro gli interventi urgenti e in 50 milioni quelli strutturali di riduzione del rischio. Complessivamente, l'importo dei danni causati dal maltempo in tutto il mese di ottobre \u00e8 stimato in 10 milioni per gli interventi urgenti e in 150 milioni per quelli strutturali. Inoltre, si stimano ulteriori 50 milioni di danni all'agricoltura, alle attivit\u00e0 produttive e residenziali.<\/p>\n","protected":false},"excerpt":{"rendered":"<p>Cagliari, 6 Nov 2021 &#8211; Nel corso del fine settimana un nuovo vortice mediterraneo provocher\u00e0 un guasto del tempo sulle regioni centro-meridionali. IlMeteo.it, comunica che&#8230;<\/p>\n","protected":false},"author":2,"featured_media":195156,"comment_status":"closed","ping_status":"open","sticky":false,"template":"","format":"standard","meta":[],"categories":[49,51],"tags":[],"_links":{"self":[{"href":"https:\/\/www.cronacaonline.it\/index.php\/wp-json\/wp\/v2\/posts\/213977"}],"collection":[{"href":"https:\/\/www.cronacaonline.it\/index.php\/wp-json\/wp\/v2\/posts"}],"about":[{"href":"https:\/\/www.cronacaonline.it\/index.php\/wp-json\/wp\/v2\/types\/post"}],"author":[{"embeddable":true,"href":"https:\/\/www.cronacaonline.it\/index.php\/wp-json\/wp\/v2\/users\/2"}],"replies":[{"embeddable":true,"href":"https:\/\/www.cronacaonline.it\/index.php\/wp-json\/wp\/v2\/comments?post=213977"}],"version-history":[{"count":1,"href":"https:\/\/www.cronacaonline.it\/index.php\/wp-json\/wp\/v2\/posts\/213977\/revisions"}],"predecessor-version":[{"id":213978,"href":"https:\/\/www.cronacaonline.it\/index.php\/wp-json\/wp\/v2\/posts\/213977\/revisions\/213978"}],"wp:featuredmedia":[{"embeddable":true,"href":"https:\/\/www.cronacaonline.it\/index.php\/wp-json\/wp\/v2\/media\/195156"}],"wp:attachment":[{"href":"https:\/\/www.cronacaonline.it\/index.php\/wp-json\/wp\/v2\/media?parent=213977"}],"wp:term":[{"taxonomy":"category","embeddable":true,"href":"https:\/\/www.cronacaonline.it\/index.php\/wp-json\/wp\/v2\/categories?post=213977"},{"taxonomy":"post_tag","embeddable":true,"href":"https:\/\/www.cronacaonline.it\/index.php\/wp-json\/wp\/v2\/tags?post=213977"}],"curies":[{"name":"wp","href":"https:\/\/api.w.org\/{rel}","templated":true}]}}