{"id":213960,"date":"2021-11-05T15:35:58","date_gmt":"2021-11-05T14:35:58","guid":{"rendered":"https:\/\/www.cronacaonline.it\/?p=213960"},"modified":"2021-11-05T15:35:59","modified_gmt":"2021-11-05T14:35:59","slug":"piano-triennale-di-edilizia-scolastica-2018-2020-richiesta-di-proroga-dei-termini-per-il-raggiungimento-delle-obbligazioni-giuridicamente-vincolanti-sui-finanziamenti-gestiti-dal-ministero-dellist","status":"publish","type":"post","link":"https:\/\/www.cronacaonline.it\/index.php\/2021\/11\/05\/piano-triennale-di-edilizia-scolastica-2018-2020-richiesta-di-proroga-dei-termini-per-il-raggiungimento-delle-obbligazioni-giuridicamente-vincolanti-sui-finanziamenti-gestiti-dal-ministero-dellist\/","title":{"rendered":"Piano Triennale di Edilizia Scolastica 2018-2020 &#8211; Richiesta di proroga dei termini per il raggiungimento delle Obbligazioni Giuridicamente Vincolanti sui finanziamenti gestiti dal Ministero dell&#8217;Istruzione."},"content":{"rendered":"\n<p>Cagliari, 5 Nov 2021\u00a0-\u00a0Con una nota ufficiale invita al Ministro dell\u2019Istruzione, Patrizio Bianchi, \u00e8 stata chiesta la proroga dei termini per il raggiungimento delle obbligazioni giuridicamente vincolanti, sui finanziamenti gestiti dal Ministero dell\u2019Istruzione, per quanto riguarda il Piano Triennale di Edilizia Scolastica 2018-2020.\u00a0<\/p>\n\n\n\n<p>La&nbsp;Regione Sardegna - ha sottolineato l\u2019Assessore della Pubblica Istruzione, Andrea Biancareddu - ha&nbsp;da&nbsp;tempo avviato un&nbsp;intervento strategico di riqualificazione, ammodernamento e rinnovamento degli edifici scolastici che si integra perfettamente con l'azione ministeriale. Amplificandone la portata e la capillarit\u00e0 territoriale, l'intervento vede oggi coinvolte tutte le Amministrazioni comunali, le Amministrazioni provinciali e la Citt\u00e0 Metropolitana di Cagliari per raggiungere l'obiettivo di creare scuole adatte alla nuove esigenze della didattica moderna, sicure e accessibili, orientate all'efficienza energetica e, in molti casi, anche alla scuola aperta alla comunit\u00e0.&nbsp;<\/p>\n\n\n\n<p>Il processo - prosegue Biancareddu - ha richiesto un notevole investimento in termini di azioni di accompagnamento e supporto tecnico degli Enti locali e la convergenza di numerose fonti di finanziamento. Alla complessit\u00e0 intrinseca del processo si \u00e8 aggiunta la difficolt\u00e0 della gestione dell'emergenza Covid che, per gli Enti locali, ha comportato un aggravio di impegni e competenze, nonch\u00e9 un forte rallentamento nell'avvio di nuovi progetti o nell'adattare le procedure dei lavori in corso alle nuove condizioni di lavoro in fase pandemica.<\/p>\n\n\n\n<p>In questo contesto, il definanziamento degli interventi di edilizia scolastica attuati con i fondi ministeriali rischia di creare una forte battuta di arresto a progetti di riqualificazione avviati ormai due o tre anni fa, portando al mancato raggiungimento dell'obiettivo di fornire ai nostri studenti scuole di qualit\u00e0.&nbsp;<\/p>\n\n\n\n<p>I progetti che rischiano di essere bloccati a causa del definanziamento, interrompono processi e procedure di estrema importanza per il territorio che rischiano di generare enormi difficolt\u00e0 sia agli Enti Locali finanziati, sia ai professionisti impegnati nella progettazione oltre che per le imprese che hanno partecipato alle gare per i lavori che sono state sospese o annullate in seguito al sopraggiungere delle scadenze previste dai Decreti ministeriali di interruzione del finanziamento.<\/p>\n\n\n\n<p>Pertanto - conclude l\u2019esponente della Giunta sarda - chiedo un pronto intervento del Ministro Bianchi per una proroga dei tempi degli accordi sottoscritti, onde consentirci di raggiungere gli obiettivi concordati. Il definanziamento causerebbe una perdita per la Regione Sardegna di oltre&nbsp;57 milioni di euro. Perdita che pu\u00f2 essere evitata con una proroga di circa 3 mesi, per 9 interventi gi\u00e0 finanziati. Mentre una proroga di nove\/dodici mesi permetterebbe ad altri 28 interventi, che richiedono il completamento dell'iter per l'aggiudicazione dei lavori.<\/p>\n\n\n\n<p>Mi preme sottolineare che un cos\u00ec importante definanziamento, oltre a causare problematiche nei rapporti istituzionali tra Enti Locali, Regione Sardegna e Ministero dell'Istruzione, porterebbe ad inevitabili contenziosi, tra l'altro gi\u00e0 preannunciati da molti Enti che sottolineano le oggettive difficolt\u00e0 conseguenti alle emergenze Covid come la principale ragione per il mancato rispetto delle tempistiche imposte dai Decreti ministeriali. Com<\/p>\n","protected":false},"excerpt":{"rendered":"<p>Cagliari, 5 Nov 2021\u00a0&#8211;\u00a0Con una nota ufficiale invita al Ministro dell\u2019Istruzione, Patrizio Bianchi, \u00e8 stata chiesta la proroga dei termini per il raggiungimento delle obbligazioni&#8230;<\/p>\n","protected":false},"author":2,"featured_media":196029,"comment_status":"closed","ping_status":"open","sticky":false,"template":"","format":"standard","meta":[],"categories":[49,52],"tags":[],"_links":{"self":[{"href":"https:\/\/www.cronacaonline.it\/index.php\/wp-json\/wp\/v2\/posts\/213960"}],"collection":[{"href":"https:\/\/www.cronacaonline.it\/index.php\/wp-json\/wp\/v2\/posts"}],"about":[{"href":"https:\/\/www.cronacaonline.it\/index.php\/wp-json\/wp\/v2\/types\/post"}],"author":[{"embeddable":true,"href":"https:\/\/www.cronacaonline.it\/index.php\/wp-json\/wp\/v2\/users\/2"}],"replies":[{"embeddable":true,"href":"https:\/\/www.cronacaonline.it\/index.php\/wp-json\/wp\/v2\/comments?post=213960"}],"version-history":[{"count":1,"href":"https:\/\/www.cronacaonline.it\/index.php\/wp-json\/wp\/v2\/posts\/213960\/revisions"}],"predecessor-version":[{"id":213961,"href":"https:\/\/www.cronacaonline.it\/index.php\/wp-json\/wp\/v2\/posts\/213960\/revisions\/213961"}],"wp:featuredmedia":[{"embeddable":true,"href":"https:\/\/www.cronacaonline.it\/index.php\/wp-json\/wp\/v2\/media\/196029"}],"wp:attachment":[{"href":"https:\/\/www.cronacaonline.it\/index.php\/wp-json\/wp\/v2\/media?parent=213960"}],"wp:term":[{"taxonomy":"category","embeddable":true,"href":"https:\/\/www.cronacaonline.it\/index.php\/wp-json\/wp\/v2\/categories?post=213960"},{"taxonomy":"post_tag","embeddable":true,"href":"https:\/\/www.cronacaonline.it\/index.php\/wp-json\/wp\/v2\/tags?post=213960"}],"curies":[{"name":"wp","href":"https:\/\/api.w.org\/{rel}","templated":true}]}}