{"id":213931,"date":"2021-11-04T18:51:49","date_gmt":"2021-11-04T17:51:49","guid":{"rendered":"https:\/\/www.cronacaonline.it\/?p=213931"},"modified":"2021-11-04T18:51:50","modified_gmt":"2021-11-04T17:51:50","slug":"sanita-guardie-mediche-diurne-lassessore-nieddu-alle-assl-in-campo-ogni-strumento-a-nostra-disposizione-per-garantire-lassistenza-sul-territorio","status":"publish","type":"post","link":"https:\/\/www.cronacaonline.it\/index.php\/2021\/11\/04\/sanita-guardie-mediche-diurne-lassessore-nieddu-alle-assl-in-campo-ogni-strumento-a-nostra-disposizione-per-garantire-lassistenza-sul-territorio\/","title":{"rendered":"Sanit\u00e0, guardie mediche diurne. L&#8217;assessore Nieddu alle Assl: &#8220;in campo ogni strumento a nostra disposizione per garantire l&#8217;assistenza sul territorio&#8221;."},"content":{"rendered":"\n<p>Cagliari, 4 Nov 2021 \u2013 L\u2019estensione dell'operativit\u00e0 delle Guardie mediche nelle ore diurne negli ambiti territoriali carenti dei medici di base, soprattutto nelle aree in cui ci siano difficolt\u00e0 a trovare professionisti disposti a ricoprire gli incarichi e dove tutti i medici dello stesso ambito abbiano raggiunto il limite massimo dei pazienti in carico. \u00c8 questa, in sintesi, l'indicazione contenuta oggi dell'assessorato regionale della Sanit\u00e0 ha inviato a tutte le Assl dell'Isola. \"Una soluzione tampone \u2013 dichiara in una nota l'assessore Nieddu - per rispondere alle necessit\u00e0 pi\u00f9 urgenti. Sull'assistenza primaria abbiamo recuperato l'enorme ritardo che avevamo ereditato e ci siamo portati in pari con i bandi delle sedi carenti. Attualmente sono in assegnazione le titolarit\u00e0 delle sedi rimaste senza medico nel 2019 a cui seguiranno quelle del 2020 per cui il bando \u00e8 gi\u00e0 chiuso e le domande dei medici sono state raccolte\".<\/p>\n\n\n\n<p>\"La carenza di medici specializzati - prosegue l'assessore - non risparmia nemmeno questo comparto. In alcuni casi ci ritroviamo nella condizione in cui per alcune sedi le assegnazioni anche a tempo indeterminato vanno deserte. Una criticit\u00e0 che stiamo affrontando con forza mettendo in campo ogni strumento a nostra disposizione. Le Guardie mediche, i medici della continuit\u00e0 assistenziale, non possono sostituirsi 'in toto' ai medici di medicina generale per i limiti che emergono dalle regole vigenti, ma possono dare un grande aiuto visitando i pazienti e in emergenza prescrivendo i farmaci a chi deve, ad esempio, proseguire le terapie. In questo senso i comitati aziendali, nelle diverse aree, sono autorizzati e devono attivarsi per estendere gli orari delle Guardie mediche l\u00e0 dove necessario\".<\/p>\n\n\n\n<p>\"Il nostro sistema sanitario \u2013 conclude Mario Nieddu, esponente di primo piano della Giunta sarda - attraversa un momento particolare. Difficolt\u00e0 che toccano tutte le Regioni. Oggi stiamo governando con strumenti ordinari una condizione fuori dall'ordinario. Per rispondere alla Pandemia il governo ha superato in pi\u00f9 di un'occasione le normative vigenti. Serve un'azione altrettanto forte per rispondere ai problemi della sanit\u00e0 a trecentosessanta gradi. Non esiste solo il Covid, servono deroghe, altrimenti ogni soluzione, anche di buon senso, rischia di essere inattuabile. Al ministero abbiamo posto alcune richieste, tra cui la revisione delle regole sulle Usca, che ora sono nella bozza di decreto del Governo. Serve per\u00f2 un'azione forte e di pi\u00f9 ampio respiro che pu\u00f2 arrivare solo da Roma\". Red<\/p>\n","protected":false},"excerpt":{"rendered":"<p>Cagliari, 4 Nov 2021 \u2013 L\u2019estensione dell&#8217;operativit\u00e0 delle Guardie mediche nelle ore diurne negli ambiti territoriali carenti dei medici di base, soprattutto nelle aree in&#8230;<\/p>\n","protected":false},"author":2,"featured_media":209129,"comment_status":"closed","ping_status":"open","sticky":false,"template":"","format":"standard","meta":[],"categories":[49,52],"tags":[],"_links":{"self":[{"href":"https:\/\/www.cronacaonline.it\/index.php\/wp-json\/wp\/v2\/posts\/213931"}],"collection":[{"href":"https:\/\/www.cronacaonline.it\/index.php\/wp-json\/wp\/v2\/posts"}],"about":[{"href":"https:\/\/www.cronacaonline.it\/index.php\/wp-json\/wp\/v2\/types\/post"}],"author":[{"embeddable":true,"href":"https:\/\/www.cronacaonline.it\/index.php\/wp-json\/wp\/v2\/users\/2"}],"replies":[{"embeddable":true,"href":"https:\/\/www.cronacaonline.it\/index.php\/wp-json\/wp\/v2\/comments?post=213931"}],"version-history":[{"count":1,"href":"https:\/\/www.cronacaonline.it\/index.php\/wp-json\/wp\/v2\/posts\/213931\/revisions"}],"predecessor-version":[{"id":213932,"href":"https:\/\/www.cronacaonline.it\/index.php\/wp-json\/wp\/v2\/posts\/213931\/revisions\/213932"}],"wp:featuredmedia":[{"embeddable":true,"href":"https:\/\/www.cronacaonline.it\/index.php\/wp-json\/wp\/v2\/media\/209129"}],"wp:attachment":[{"href":"https:\/\/www.cronacaonline.it\/index.php\/wp-json\/wp\/v2\/media?parent=213931"}],"wp:term":[{"taxonomy":"category","embeddable":true,"href":"https:\/\/www.cronacaonline.it\/index.php\/wp-json\/wp\/v2\/categories?post=213931"},{"taxonomy":"post_tag","embeddable":true,"href":"https:\/\/www.cronacaonline.it\/index.php\/wp-json\/wp\/v2\/tags?post=213931"}],"curies":[{"name":"wp","href":"https:\/\/api.w.org\/{rel}","templated":true}]}}