{"id":213916,"date":"2021-11-04T17:34:52","date_gmt":"2021-11-04T16:34:52","guid":{"rendered":"https:\/\/www.cronacaonline.it\/?p=213916"},"modified":"2021-11-04T17:34:54","modified_gmt":"2021-11-04T16:34:54","slug":"consiglio-sardegna-seconda-commissione-via-libera-alle-linee-guida-per-il-dimensionamento-scolastico","status":"publish","type":"post","link":"https:\/\/www.cronacaonline.it\/index.php\/2021\/11\/04\/consiglio-sardegna-seconda-commissione-via-libera-alle-linee-guida-per-il-dimensionamento-scolastico\/","title":{"rendered":"Consiglio Sardegna \u2013 Seconda Commissione: via libera alle linee guida per il dimensionamento scolastico."},"content":{"rendered":"\n<p>La Seconda commissione, presieduta da Alfonso Marras (Psd\u2019Az), ha espresso - all\u2019unanimit\u00e0 - parere favorevole alle linee guida per il cosiddetto piano di dimensionamento scolastico 2022-2023, approvato dalla Giunta l\u20198 ottobre scorso con la deliberazione n, 39\/93.<\/p>\n\n\n\n<p>Il documento, illustrato nel parlamentino della Pubblica Istruzione dall\u2019assessore Andrea Biancareddu (Udc), non prevede accorpamenti e ridimensionamenti, n\u00e9 soppressioni tra i punti di erogazione. L\u2019atto della programmazione per la definizione delle autonomie scolastiche e dei servizi per le scuole di ogni ordine e grado, ribadisce l\u2019opportunit\u00e0 della riduzione della soglia minima del numero di alunni necessario per l\u2019assegnazione di un dirigente scolastico e di un direttore dei servizi amministrativi, passando dai 600 alunni a 500 alunni e dai 400 alunni ai 300 alunni per i Comuni montani e le isole minori. La deroga a tali limiti, cos\u00ec come spiegato dall\u2019assessore, gi\u00e0 concessa lo scorso anno alla luce dell\u2019emergenza da Covid, \u00e8 stata quindi formalmente richiesta, anche per l\u2019annualit\u00e0 2022-2023, al ministero dell\u2019Istruzione e si auspica, cos\u00ec come sollecitato anche dal consigliere del Pd, Piero Comandini, il coinvolgimento e il sostegno dei parlamentari eletti in Sardegna, affinch\u00e9 la proposta possa essere inserita in norma, magari in sede di approvazione della legge di Stabilit\u00e0.<\/p>\n\n\n\n<p>L\u2019assessore Biancareddu, nel corso del suo articolato intervento, ha avuto modo di ringraziare tutto il personale della scuola, gli alunni e le famiglie, per gli sforzi fatti \u201cnei giorni difficili della pandemia\u201d e dopo aver rammentato \u201ci tanti disagi provocati dalla didattica a distanza\u201d e l\u2019impegno della Regione \u201cper non fermare gli interventi nel campo dell\u2019edilizia scolastica\u201d, si \u00e8 detto soddisfatto per i risultati della campagna vaccinale. \u00abSiamo la Regione con la pi\u00f9 alta percentuale di alunni vaccinati \u2013 ha dichiarato l\u2019esponente dell\u2019Udc in Giunta \u2013 e contiamo il 94% dei dirigenti scolastici e il 92% del personale scolastico gi\u00e0 vaccinato\u00bb.<\/p>\n\n\n\n<p>Il direttore dell\u2019ufficio scolastico regionale, Francesco Feliziani, ha invece posto in luce quelle che ha definito \u201cle problematiche della rete scolastica in Sardegna\u201d e che riguardano 25 istituti \u201csottodimensionati anche rispetto ai parametri in deroga per il numero minimo di alunni necessari per il mantenimento dell\u2019autonomia scolastica. \u00abManca un intervento deciso \u2013 ha affermato il rappresentante del ministero \u2013 sulle realt\u00e0 scolastica troppo piccole e sottolineo il ritardo con il quale si procede sul piano di dimensionamento scolastico, considerato che la commissione consiliare soltanto oggi \u00e8 chiamata ad esprimere un parere sulle linee guida e non gi\u00e0 sul piano che per\u00f2 deve essere approvato entro la fine dall\u2019anno\u00bb.<\/p>\n\n\n\n<p>Gli istituti che non rispettano i limiti dei 500 e 300 alunni sono 25 complessivamente: 12 in provincia di Cagliari (DDS Is Mirrinios; CD via Castiglione; IIs Atzeni di Capoterra; IC Carbonia, ITC Mattei di Decimomannu, IC Guasila; Pitagora di Isili; Ic Mandas di Mandas; Istituto comprensorio di Narcao; IC Santadi; IC Settimo San Pietro; Ic Siliqua); 7 in provincia di Nuoro (IIS Businco di Jerzu; IC Orani; IC Orgosolo; IC Orotelli; IC Motzo Silanus-Bolotana; IC Tertenia; IC Villagrande); 1 in provincia di Oristano (IC Ghilarza) e 5 in provincia di Sassari (IC Arborea di Castelsardo; IC Osilo; IC San Teodoro; IC Sennori e IC Usini).<\/p>\n\n\n\n<p>Dopo gli interventi della consigliera dei Progressisti, Laura Caddeo (\u00abresta il problema dell\u2019infrastrutturazione digitale per la scuola sarda) e della sua collega della minoranza Desir\u00e8 Manca - M5S (\u00abchiedo che siano forniti i dati ufficiali sull\u2019abbandono scolastico nella nostra isola\u00bb) i consiglieri del centrodestra, Dario Giagoni (capogruppo Lega) e Franco Stara (Iv) hanno preso parola su una questione di carattere prettamente politico ed hanno comunicato al presidente Marras l\u2019indisponibilit\u00e0 dei consiglieri dei rispettivi gruppi consiliari a partecipare a riunioni della commissione, fino a quando non saranno rinnovate le cariche, cos\u00ec come stabilito dal regolamento interno che fissa in trenta mesi (scadenza dunque 4 ottobre 2021) la durata della nomina a Presidente e vice presidente.<\/p>\n","protected":false},"excerpt":{"rendered":"<p>La Seconda commissione, presieduta da Alfonso Marras (Psd\u2019Az), ha espresso &#8211; all\u2019unanimit\u00e0 &#8211; parere favorevole alle linee guida per il cosiddetto piano di dimensionamento scolastico&#8230;<\/p>\n","protected":false},"author":2,"featured_media":213917,"comment_status":"closed","ping_status":"open","sticky":false,"template":"","format":"standard","meta":[],"categories":[49,52],"tags":[],"_links":{"self":[{"href":"https:\/\/www.cronacaonline.it\/index.php\/wp-json\/wp\/v2\/posts\/213916"}],"collection":[{"href":"https:\/\/www.cronacaonline.it\/index.php\/wp-json\/wp\/v2\/posts"}],"about":[{"href":"https:\/\/www.cronacaonline.it\/index.php\/wp-json\/wp\/v2\/types\/post"}],"author":[{"embeddable":true,"href":"https:\/\/www.cronacaonline.it\/index.php\/wp-json\/wp\/v2\/users\/2"}],"replies":[{"embeddable":true,"href":"https:\/\/www.cronacaonline.it\/index.php\/wp-json\/wp\/v2\/comments?post=213916"}],"version-history":[{"count":1,"href":"https:\/\/www.cronacaonline.it\/index.php\/wp-json\/wp\/v2\/posts\/213916\/revisions"}],"predecessor-version":[{"id":213918,"href":"https:\/\/www.cronacaonline.it\/index.php\/wp-json\/wp\/v2\/posts\/213916\/revisions\/213918"}],"wp:featuredmedia":[{"embeddable":true,"href":"https:\/\/www.cronacaonline.it\/index.php\/wp-json\/wp\/v2\/media\/213917"}],"wp:attachment":[{"href":"https:\/\/www.cronacaonline.it\/index.php\/wp-json\/wp\/v2\/media?parent=213916"}],"wp:term":[{"taxonomy":"category","embeddable":true,"href":"https:\/\/www.cronacaonline.it\/index.php\/wp-json\/wp\/v2\/categories?post=213916"},{"taxonomy":"post_tag","embeddable":true,"href":"https:\/\/www.cronacaonline.it\/index.php\/wp-json\/wp\/v2\/tags?post=213916"}],"curies":[{"name":"wp","href":"https:\/\/api.w.org\/{rel}","templated":true}]}}