{"id":213890,"date":"2021-11-04T11:31:08","date_gmt":"2021-11-04T10:31:08","guid":{"rendered":"https:\/\/www.cronacaonline.it\/?p=213890"},"modified":"2021-11-04T11:31:10","modified_gmt":"2021-11-04T10:31:10","slug":"quattro-novembre-giornata-delle-forze-armate-mattarella-ricordiamo-le-vittime-di-tutte-le-guerre","status":"publish","type":"post","link":"https:\/\/www.cronacaonline.it\/index.php\/2021\/11\/04\/quattro-novembre-giornata-delle-forze-armate-mattarella-ricordiamo-le-vittime-di-tutte-le-guerre\/","title":{"rendered":"Quattro Novembre, Giornata delle Forze Armate, Mattarella: &#8220;Ricordiamo le vittime di tutte le guerre&#8221;."},"content":{"rendered":"\n<p>Roma, 4 Nov 2021 - Il presidente della Repubblica, Sergio\u00a0Mattarella, ha deposto una corona di alloro all'Altare della\u00a0Patria, davanti al Sacello del Milite Ignoto, per le celebrazioni\u00a0del \"Giorno dell'Unit\u00e0 Nazionale\" e della \"Giornata delle Forze\u00a0Armate\".<\/p>\n\n\n\n<p>Il capo dello Stato \u00e8 stato accompagnato dal ministro della&nbsp;Difesa, Lorenzo Guerini, dal presidente del consiglio, Mario&nbsp;Draghi, dalla presidente del Senato, Elisabetta Casellati e dalle&nbsp;autorit\u00e0 militari.<\/p>\n\n\n\n<p>Il \"Giorno dell'Unit\u00e0 Nazionale\" e della&nbsp;\"Giornata delle Forze Armate\" ricorre a cento anni esatti dalla&nbsp;tumulazione del Milite Ignoto. La cerimonia si \u00e8 conclusa col&nbsp;volo delle Frecce Tricolori.<\/p>\n\n\n\n<p>\"Si ricordano quest'anno quattro importanti anniversari: 160 anni dell'Unit\u00e0 d'Italia, 150 anni di Roma Capitale, 100 anni del trasferimento al Vittoriano della salma del Soldato Ignoto, 75 anni di Repubblica. Momenti fondamentali della nostra storia che troveranno espressione solenne il 4 novembre, Giornata dell'Unit\u00e0 Nazionale e delle Forze Armate, all'Altare della Patria\". Cos\u00ec il Presidente della Repubblica, Sergio Mattarella, nel messaggio inviato al Ministro della Difesa, Lorenzo Guerini. \"In questo giorno il pensiero va a quanti hanno sofferto, sino all'estremo sacrificio, per lasciare alle giovani generazioni un'Italia unita, indipendente, libera, democratica. L'intero popolo italiano guarda con sentimenti di commozione a tutte le vittime delle guerre. La loro memoria rappresenta il pi\u00f9 profondo e sincero stimolo ad adempiere ai doveri di cittadini italiani ed europei\".<\/p>\n\n\n\n<p>\"Cento anni fa il Governo italiano scelse di&nbsp;seppellire il Milite Ignoto all\u2019Altare della Patria: una decisione presa per&nbsp;onorare le decine di migliaia di giovani soldati morti durante la Prima Guerra&nbsp;Mondiale. Fu una donna di umili origini a scegliere la salma tra quelle rese&nbsp;irriconoscibili dalla violenza cieca della guerra. La madre di un suddito&nbsp;austro-ungarico, arruolatosi sotto falso nome nell\u2019esercito italiano. Un&nbsp;soldato che aveva perso la sua identit\u00e0 divent\u00f2 cos\u00ec simbolo dell\u2019intero&nbsp;Paese. Oggi, ci stringiamo attorno alle Forze Armate nel ricordo di tutti i&nbsp;caduti. Onoriamo lo spirito di servizio con cui i militari garantiscono la&nbsp;nostra sicurezza e le nostre libert\u00e0. Lo hanno fatto in Afghanistan e in molte&nbsp;altre parti del mondo, con professionalit\u00e0, dedizione e capacit\u00e0 di dialogo. E&nbsp;in Italia, nella campagna vaccinale contro il Covid-19\".<\/p>\n\n\n\n<p>Lo dichiara il premier&nbsp;Mario Draghi nel messaggio per il Giorno dell'Unit\u00e0 Nazionale e la Giornata&nbsp;delle Forze Armate.<\/p>\n\n\n\n<p>\"Ringrazio tutte le donne e gli uomini impegnati nel nostro Paese e&nbsp;all\u2019estero. Vi siamo e vi sentiamo vicini. Oggi, come in passato, abbiamo&nbsp;bisogno del vostro coraggio e della vostra umanit\u00e0\", conclude Draghi.<\/p>\n\n\n\n<p>\"Donne e uomini della Difesa, oggi&nbsp;celebriamo il Giorno dell'Unit\u00e0 Nazionale e la Giornata delle&nbsp;Forze Armate. In questa data, al termine del Primo Conflitto&nbsp;Mondiale, trov\u00f2 compimento il processo di unificazione nazionale,&nbsp;iniziato in epoca risorgimentale, e che quest'anno assume un&nbsp;significato ancora pi\u00f9 rilevante per la ricorrenza del Centenario&nbsp;della traslazione del Milite Ignoto all'Altare della Patria.&nbsp;Soldato senza nome, divenuto un simbolo per il nostro Paese,&nbsp;attorno al quale, come cento anni fa, gli italiani ancora si&nbsp;stringono, riconoscendolo come parte della propria identit\u00e0&nbsp;nazionale. Insieme al Milite Ignoto rendiamo doveroso omaggio a&nbsp;tutti i Caduti per l'esempio luminoso che continuano a&nbsp;tramandarci\".<\/p>\n\n\n\n<p>Cos\u00ec il ministro della Difesa, Lorenzo Guerini, nel&nbsp;suo saluto di oggi per la commemorazione del 4 novembre, giornata&nbsp;delle Forze Armate.<\/p>\n\n\n\n<p>\"Stringiamoci alle famiglie dei nostri caduti, ai feriti in&nbsp;servizio e ai loro cari, con affetto e gratitudine, consapevoli&nbsp;delle sofferenze che molti ancora oggi sopportano.&nbsp;Celebrare il 4 novembre non significa soltanto rievocare le gesta&nbsp;di quanti hanno offerto la vita per realizzare e difendere&nbsp;l'Unit\u00e0 d'Italia, per il bene della collettivit\u00e0 nazionale e del&nbsp;Paese ma anche riconoscere l'impegno di tutti Voi che servite la&nbsp;Repubblica nelle Forze Armate, condividendo gli stessi valori di&nbsp;quelli che Vi hanno preceduti, con lo stesso slancio e gli stessi&nbsp;ideali. Donne e uomini della Difesa, nel rispetto di questi&nbsp;valori, oggi come ieri, onorando il giuramento prestato - continua&nbsp;il ministro - siete quotidianamente al servizio del Paese, sia sul territorio nazionale sia all'estero, per la sicurezza, la&nbsp;stabilit\u00e0 e la pacifica convivenza della comunit\u00e0 internazionale\".<\/p>\n\n\n\n<p>\"A Voi desidero rivolgere, certo di interpretare il pensiero di&nbsp;tutti i cittadini italiani, i sentimenti di orgoglio e&nbsp;gratitudine per il prezioso, costante lavoro a tutela degli&nbsp;irrinunciabili valori di democrazia e libert\u00e0.&nbsp;Grazie per ci\u00f2 che avete fatto e per ci\u00f2 che farete. Viva il 4&nbsp;Novembre, viva le Forze Armate e viva l'Italia\".<\/p>\n\n\n\n<p>Partito dalla Basilica di Santa Maria&nbsp;degli Angeli, ha sfilato lungo via Nazionale, a Roma, per arrivare poi a piazza Venezia il corteo in memoria del Milite Ignoto. A cento anni&nbsp;esatti dalla tumulazione del 'soldato senza nome' nel sacello&nbsp;dell'Altare della Patria, le cerimonie per il \"Giorno dell'Unit\u00e0&nbsp;Nazionale\" e la \"Giornata delle Forze Armate\" partono proprio dal&nbsp;ricordo di quell'importante momento storico, che un\u00ec l'Italia&nbsp;nell'omaggio a tutti i caduti in guerra.<\/p>\n\n\n\n<p>In occasione del centenario, si \u00e8 voluto ripercorrere il viaggio del&nbsp;Milite Ignoto con un treno rievocativo partito da Aquileia e arrivato&nbsp;l'altro ieri a Roma. All'epoca il feretro del Milite Ignoto fu&nbsp;scortato fino alla Basilica di Santa Maria degli Angeli e, il 4&nbsp;novembre appunto, con una solenne cerimonia, un corteo lungo via&nbsp;Nazionale lo accompagn\u00f2 a piazza Venezia per la tumulazione nel&nbsp;sacello dell'Altare della Patria. Una sfilata del Reggimento Interforze, stamattina, nel solco di quanto avvenuto cento anni fa, con il coinvolgimento di Reparti in armi, istituti di formazione&nbsp;militari, associazioni d'arma e rappresentanze, \u00e8 partita dalla Basilica di Santa Maria degli Angeli e ha accompagnato la teca con la bandiera del Milite Ignoto con un corteo lungo via Nazionale fino a piazza Venezia. In tanti, lungo la strada, hanno assistito al corteo,&nbsp;scattando fotografie.<\/p>\n","protected":false},"excerpt":{"rendered":"<p>Roma, 4 Nov 2021 &#8211; Il presidente della Repubblica, Sergio\u00a0Mattarella, ha deposto una corona di alloro all&#8217;Altare della\u00a0Patria, davanti al Sacello del Milite Ignoto, per&#8230;<\/p>\n","protected":false},"author":2,"featured_media":213891,"comment_status":"closed","ping_status":"open","sticky":false,"template":"","format":"standard","meta":[],"categories":[49,50],"tags":[],"_links":{"self":[{"href":"https:\/\/www.cronacaonline.it\/index.php\/wp-json\/wp\/v2\/posts\/213890"}],"collection":[{"href":"https:\/\/www.cronacaonline.it\/index.php\/wp-json\/wp\/v2\/posts"}],"about":[{"href":"https:\/\/www.cronacaonline.it\/index.php\/wp-json\/wp\/v2\/types\/post"}],"author":[{"embeddable":true,"href":"https:\/\/www.cronacaonline.it\/index.php\/wp-json\/wp\/v2\/users\/2"}],"replies":[{"embeddable":true,"href":"https:\/\/www.cronacaonline.it\/index.php\/wp-json\/wp\/v2\/comments?post=213890"}],"version-history":[{"count":1,"href":"https:\/\/www.cronacaonline.it\/index.php\/wp-json\/wp\/v2\/posts\/213890\/revisions"}],"predecessor-version":[{"id":213892,"href":"https:\/\/www.cronacaonline.it\/index.php\/wp-json\/wp\/v2\/posts\/213890\/revisions\/213892"}],"wp:featuredmedia":[{"embeddable":true,"href":"https:\/\/www.cronacaonline.it\/index.php\/wp-json\/wp\/v2\/media\/213891"}],"wp:attachment":[{"href":"https:\/\/www.cronacaonline.it\/index.php\/wp-json\/wp\/v2\/media?parent=213890"}],"wp:term":[{"taxonomy":"category","embeddable":true,"href":"https:\/\/www.cronacaonline.it\/index.php\/wp-json\/wp\/v2\/categories?post=213890"},{"taxonomy":"post_tag","embeddable":true,"href":"https:\/\/www.cronacaonline.it\/index.php\/wp-json\/wp\/v2\/tags?post=213890"}],"curies":[{"name":"wp","href":"https:\/\/api.w.org\/{rel}","templated":true}]}}