{"id":213849,"date":"2021-11-03T16:35:17","date_gmt":"2021-11-03T15:35:17","guid":{"rendered":"https:\/\/www.cronacaonline.it\/?p=213849"},"modified":"2021-11-03T16:35:18","modified_gmt":"2021-11-03T15:35:18","slug":"commissione-sanita-piano-demergenza-per-i-territori-e-rivendicazione-di-piu-autonomia-nei-confronti-dello-stato","status":"publish","type":"post","link":"https:\/\/www.cronacaonline.it\/index.php\/2021\/11\/03\/commissione-sanita-piano-demergenza-per-i-territori-e-rivendicazione-di-piu-autonomia-nei-confronti-dello-stato\/","title":{"rendered":"Commissione Sanit\u00e0: piano d\u2019emergenza per i territori e rivendicazione di pi\u00f9 autonomia nei confronti dello Stato."},"content":{"rendered":"\n<p>Cagliari, 3 Nov 2021 \u2013 La ripartenza del sistema sanitario regionale dopo la pandemia passa attraverso un piano di emergenza condiviso con i territori e una rivendicazione forte nei confronti dello Stato, al quale non chiediamo pi\u00f9 soldi ma pi\u00f9 deroghe.<\/p>\n\n\n\n<p>Lo ha dichiarato l\u2019assessore della Sanit\u00e0 Mario Nieddu concludendo la riunione della commissione Sanit\u00e0, presieduta da Antonio Mario Mundula (Fdi), alla quale hanno partecipato Anci, Cal, Sindaci e presidenti dei distretti socio sanitari.<\/p>\n\n\n\n<p>Rivolgendosi ai Sindaci l\u2019assessore Nieddu li ha ringraziati per la consapevolezza che non tutti i problemi possono concretamente essere risolti dalla Regione ed ha sostenuto che i Comuni hanno avuto molte risposte dall\u2019assessorato (anche se non tutte), quelle compatibili con l\u2019impegno enorme richiesto dalla pandemia che ha messo a nudo le tante fragilit\u00e0 strutturali del sistema.<\/p>\n\n\n\n<p>A queste difficolt\u00e0, ha sostenuto, occorre rispondere con interventi straordinari e la rivendicazione di pi\u00f9 autonomia dallo Stato e le due cose sono strettamente collegate. In questi ultimi mesi, ha ricordato Nieddu, abbiamo presentato molte proposte allo Stato: dalla possibilit\u00e0 di aumentare le retribuzioni del personale con nostre risorse (gli operatori sanitari sono i meno pagati d\u2019Italia) all\u2019estensione dei bonus per gli addetti agli hub vaccinali, alle modifiche di parti significative della contrattazione. Abbiamo ottenuto solo di poter riutilizzare nei reparti i medici delle Usca.<\/p>\n\n\n\n<p>Ma, ha precisato, come Regione abbiamo fatto davvero tutto quello che \u00e8 di nostra competenze: migliaia di concorsi, copertura delle sedi disagiate, aumento del monte ora per l\u2019abbattimento delle liste d\u2019attesa, bandi per la mobilit\u00e0 extra regionale e la redistribuzione interna dei medici (che renderemo strutturale), copertura dei vuoti di organico in alcune specialit\u00e0 (su tutte medicina generale e pediatria).<\/p>\n\n\n\n<p>In apertura di seduta il presidente di Anci Sardegna Emiliano Deiana ha riproposto alla commissione i contenuti principali del documento unitario che i Comuni sardi ed il Cal hanno approvato il 18 ottobre scorso al termine di una riunione svoltasi ad Arborea.<\/p>\n\n\n\n<p>Deiana ha lanciato inoltre l\u2019idea degli Stati generali della sanit\u00e0 sarda e di un Patto della salute condiviso fra istituzioni e territori, per scrivere insieme le priorit\u00e0 delle comunit\u00e0 locali ed evitare di essere costretti, nella prossima legislatura, a ricominciare daccapo. Ed ancora, secondo Deiana, occorre un programmazione regionale che garantisca il diritto alla salute in modo uguale in tutta la Sardegna (dalle zone costiere a quelle interne) ed una nazionale che riconosca, a partire dalla riforma del Dm 70 (il \u201cdecreto-cornice\u201d del servizio sanitario nazionale), le tante specificit\u00e0 dell\u2019Isola.<\/p>\n\n\n\n<p>Numerosi anche gli interventi dei Sindaci che hanno richiamato l\u2019attenzione della commissione sulla legittima protesta che nasce dal basso in molti territori e sulla necessit\u00e0 di fare, tutti insieme, \u201cuno scatto in avanti\u201d.<\/p>\n\n\n\n<p>Per quanto riguarda i consiglieri regionali hanno preso la parola Domenico Gallus e Franco Mula (Psd\u2019Az), Giorgio Oppi (Udc-Cambiamo), Daniele Cocco (Leu), Pierluigi Saiu (Lega), Desir\u00e8 Manca (M5S), Gianfranco Ganau (Pd), Francesco Agus ed Antonio Piu (Progressisti).<\/p>\n\n\n\n<p>Durante la seduta l\u2019assessore Nieddu ha consegnato ai presenti la copia di una bozza del Piano regionale dei Servizi sanitari, un testo di 160 pagine con dati e tabelle aggiornate. Materiale sul quale, ha detto, ci aspettiamo proposte e contributi per condividerlo e migliorarlo. Com<\/p>\n","protected":false},"excerpt":{"rendered":"<p>Cagliari, 3 Nov 2021 \u2013 La ripartenza del sistema sanitario regionale dopo la pandemia passa attraverso un piano di emergenza condiviso con i territori e&#8230;<\/p>\n","protected":false},"author":2,"featured_media":211562,"comment_status":"closed","ping_status":"open","sticky":false,"template":"","format":"standard","meta":[],"categories":[49,52],"tags":[],"_links":{"self":[{"href":"https:\/\/www.cronacaonline.it\/index.php\/wp-json\/wp\/v2\/posts\/213849"}],"collection":[{"href":"https:\/\/www.cronacaonline.it\/index.php\/wp-json\/wp\/v2\/posts"}],"about":[{"href":"https:\/\/www.cronacaonline.it\/index.php\/wp-json\/wp\/v2\/types\/post"}],"author":[{"embeddable":true,"href":"https:\/\/www.cronacaonline.it\/index.php\/wp-json\/wp\/v2\/users\/2"}],"replies":[{"embeddable":true,"href":"https:\/\/www.cronacaonline.it\/index.php\/wp-json\/wp\/v2\/comments?post=213849"}],"version-history":[{"count":1,"href":"https:\/\/www.cronacaonline.it\/index.php\/wp-json\/wp\/v2\/posts\/213849\/revisions"}],"predecessor-version":[{"id":213850,"href":"https:\/\/www.cronacaonline.it\/index.php\/wp-json\/wp\/v2\/posts\/213849\/revisions\/213850"}],"wp:featuredmedia":[{"embeddable":true,"href":"https:\/\/www.cronacaonline.it\/index.php\/wp-json\/wp\/v2\/media\/211562"}],"wp:attachment":[{"href":"https:\/\/www.cronacaonline.it\/index.php\/wp-json\/wp\/v2\/media?parent=213849"}],"wp:term":[{"taxonomy":"category","embeddable":true,"href":"https:\/\/www.cronacaonline.it\/index.php\/wp-json\/wp\/v2\/categories?post=213849"},{"taxonomy":"post_tag","embeddable":true,"href":"https:\/\/www.cronacaonline.it\/index.php\/wp-json\/wp\/v2\/tags?post=213849"}],"curies":[{"name":"wp","href":"https:\/\/api.w.org\/{rel}","templated":true}]}}