{"id":213845,"date":"2021-11-03T15:38:52","date_gmt":"2021-11-03T14:38:52","guid":{"rendered":"https:\/\/www.cronacaonline.it\/?p=213845"},"modified":"2021-11-03T15:38:57","modified_gmt":"2021-11-03T14:38:57","slug":"istat-a-settembre-500mila-occupati-in-piu-su-gennaio-il-tasso-di-disoccupazione-scende-al-92","status":"publish","type":"post","link":"https:\/\/www.cronacaonline.it\/index.php\/2021\/11\/03\/istat-a-settembre-500mila-occupati-in-piu-su-gennaio-il-tasso-di-disoccupazione-scende-al-92\/","title":{"rendered":"Istat &#8211; A settembre 500mila occupati in pi\u00f9 su gennaio. Il tasso di disoccupazione scende al 9,2%."},"content":{"rendered":"\n<p>Roma, 3 Nov 2021 - Il tasso di disoccupazione a settembre cala al 9,2% (-0,1%) nonostante l'aumento tra i giovani di 15-24 anni al 29,8% (+1,8 punti).<\/p>\n\n\n\n<p>Rispetto a gennaio 2021, a settembre si registra un saldo positivo di poco pi\u00f9 di 500mila occupati. A dare la spinta alla ripresa \u00e8 il lavoro dipendente che cresce di circa 520mila unit\u00e0. Lo sottolinea l'Istat nel commento ai dati provvisori su occupati e disoccupati.<\/p>\n\n\n\n<p>Rispetto ai livelli pre-pandemia, cio\u00e8 febbraio 2020, il numero di occupati \u00e8 inferiore di oltre 300mila unit\u00e0, il tasso di occupazione e quello di disoccupazione sono pi\u00f9 bassi rispettivamente di 0,4 e 0,6 punti, mentre il tasso di inattivit\u00e0 \u00e8 superiore di 0,9 punti.<\/p>\n\n\n\n<p>Gli occupati sono pi\u00f9 13mila per gli uomini, 46mila in pi\u00f9 per le donne. Sono dipendenti a tempo determinato con un\u2019et\u00e0 compresa tra i 25-34 anni e ultra 50enni.<\/p>\n\n\n\n<p>A settembre \u00e8 sceso anche il numero di chi cerca lavoro con un meno 1,2%. Non lo cercano gli uomini, ma a colpire \u00e8 la fascia d\u2019et\u00e0, chi ha pi\u00f9 di 24 anni.&nbsp;<\/p>\n\n\n\n<p>Sempre il tasso di inattivit\u00e0 scende al 35,7% se si mette a confronto il terzo trimestre con il precedente, il livello dell'occupazione \u00e8 pi\u00f9 elevato dello 0,4%, con un aumento di 81mila unit\u00e0.<\/p>\n\n\n\n<p>La crescita dell'occupazione, nel confronto trimestrale, si lega alla diminuzione delle persone in cerca di occupazione con meno 137mila unit\u00e0 e alla sostanziale stabilit\u00e0 degli inattivi.<\/p>\n\n\n\n<p>Rispetto a settembre 2020, diminuisce sia il numero di persone in cerca di lavoro (-230mila), sia quello degli inattivi tra i 15 e i 64 anni (-280mila) che, ricorda l'Istat, era aumentato in misura eccezionale all'inizio dell'emergenza sanitaria.<\/p>\n","protected":false},"excerpt":{"rendered":"<p>Roma, 3 Nov 2021 &#8211; Il tasso di disoccupazione a settembre cala al 9,2% (-0,1%) nonostante l&#8217;aumento tra i giovani di 15-24 anni al 29,8%&#8230;<\/p>\n","protected":false},"author":2,"featured_media":193867,"comment_status":"closed","ping_status":"open","sticky":false,"template":"","format":"standard","meta":[],"categories":[49,51],"tags":[],"_links":{"self":[{"href":"https:\/\/www.cronacaonline.it\/index.php\/wp-json\/wp\/v2\/posts\/213845"}],"collection":[{"href":"https:\/\/www.cronacaonline.it\/index.php\/wp-json\/wp\/v2\/posts"}],"about":[{"href":"https:\/\/www.cronacaonline.it\/index.php\/wp-json\/wp\/v2\/types\/post"}],"author":[{"embeddable":true,"href":"https:\/\/www.cronacaonline.it\/index.php\/wp-json\/wp\/v2\/users\/2"}],"replies":[{"embeddable":true,"href":"https:\/\/www.cronacaonline.it\/index.php\/wp-json\/wp\/v2\/comments?post=213845"}],"version-history":[{"count":1,"href":"https:\/\/www.cronacaonline.it\/index.php\/wp-json\/wp\/v2\/posts\/213845\/revisions"}],"predecessor-version":[{"id":213846,"href":"https:\/\/www.cronacaonline.it\/index.php\/wp-json\/wp\/v2\/posts\/213845\/revisions\/213846"}],"wp:featuredmedia":[{"embeddable":true,"href":"https:\/\/www.cronacaonline.it\/index.php\/wp-json\/wp\/v2\/media\/193867"}],"wp:attachment":[{"href":"https:\/\/www.cronacaonline.it\/index.php\/wp-json\/wp\/v2\/media?parent=213845"}],"wp:term":[{"taxonomy":"category","embeddable":true,"href":"https:\/\/www.cronacaonline.it\/index.php\/wp-json\/wp\/v2\/categories?post=213845"},{"taxonomy":"post_tag","embeddable":true,"href":"https:\/\/www.cronacaonline.it\/index.php\/wp-json\/wp\/v2\/tags?post=213845"}],"curies":[{"name":"wp","href":"https:\/\/api.w.org\/{rel}","templated":true}]}}