{"id":213843,"date":"2021-11-03T15:32:24","date_gmt":"2021-11-03T14:32:24","guid":{"rendered":"https:\/\/www.cronacaonline.it\/?p=213843"},"modified":"2021-11-03T15:32:26","modified_gmt":"2021-11-03T14:32:26","slug":"sanita-sarda-dichiarazione-della-deputata-romina-mura-pd-con-solinas-autonomia-sarda-e-titolo-onorifico-resa-drammatica-con-sanita-regionale-allo-sbando","status":"publish","type":"post","link":"https:\/\/www.cronacaonline.it\/index.php\/2021\/11\/03\/sanita-sarda-dichiarazione-della-deputata-romina-mura-pd-con-solinas-autonomia-sarda-e-titolo-onorifico-resa-drammatica-con-sanita-regionale-allo-sbando\/","title":{"rendered":"Sanit\u00e0 sarda: Dichiarazione della Deputata Romina Mura (Pd), con Solinas autonomia sarda \u00e8 titolo onorifico. \u201cResa drammatica con sanit\u00e0 regionale allo sbando\u201d."},"content":{"rendered":"\n<p>Cagliari, 3 Nov 2021 - \u201cNon resta altro che chiedere l\u2019intervento del Governo in supplenza di una Giunta regionale che ha portato al disastro la sanit\u00e0 sarda e ridotto la nostra autonomia a titolo onorifico.<\/p>\n\n\n\n<p>Quella della Giunta Solinas \u00e8 una resa drammatica che viene dopo quasi tre anni di scelte mancate o sbagliate, a cominciare da una riforma che moltiplica le poltrone ma che non affronta i temi della medicina territoriale. Stringe il cuore di ogni vero autonomista il tentativo di ribaltare sul Governo la responsabilit\u00e0 di una sanit\u00e0 regionale che ci paghiamo noi e che \u00e8 stata lasciata andare allo sbando: bisognava pensarci prima di arrivare a questo punto di emergenza. Ora \u00e8 tardi\u201d.<\/p>\n\n\n\n<p>Lo afferma in una nota la presidente della commissione Lavoro della Camera Romina Mura (Pd), dopo che la Giunta regionale della Sardegna ha chiesto al Governo di assumersi \u201cla responsabilit\u00e0 di provvedimenti emergenziali\u201d per affrontare l\u2019emergenza sanitaria.<\/p>\n\n\n\n<p>\u201cPer cui intervenga il Governo con il ministro Speranza per tutelare il diritto alla salute in Sardegna \u2013 conclude Mura \u2013 e venga in soccorso dei cittadini che ormai non si possono pi\u00f9 curare, a meno che non siano ricchi e vadano via dall\u2019isola\u201d. Com<\/p>\n","protected":false},"excerpt":{"rendered":"<p>Cagliari, 3 Nov 2021 &#8211; \u201cNon resta altro che chiedere l\u2019intervento del Governo in supplenza di una Giunta regionale che ha portato al disastro la&#8230;<\/p>\n","protected":false},"author":2,"featured_media":212144,"comment_status":"closed","ping_status":"open","sticky":false,"template":"","format":"standard","meta":[],"categories":[49,52],"tags":[],"_links":{"self":[{"href":"https:\/\/www.cronacaonline.it\/index.php\/wp-json\/wp\/v2\/posts\/213843"}],"collection":[{"href":"https:\/\/www.cronacaonline.it\/index.php\/wp-json\/wp\/v2\/posts"}],"about":[{"href":"https:\/\/www.cronacaonline.it\/index.php\/wp-json\/wp\/v2\/types\/post"}],"author":[{"embeddable":true,"href":"https:\/\/www.cronacaonline.it\/index.php\/wp-json\/wp\/v2\/users\/2"}],"replies":[{"embeddable":true,"href":"https:\/\/www.cronacaonline.it\/index.php\/wp-json\/wp\/v2\/comments?post=213843"}],"version-history":[{"count":1,"href":"https:\/\/www.cronacaonline.it\/index.php\/wp-json\/wp\/v2\/posts\/213843\/revisions"}],"predecessor-version":[{"id":213844,"href":"https:\/\/www.cronacaonline.it\/index.php\/wp-json\/wp\/v2\/posts\/213843\/revisions\/213844"}],"wp:featuredmedia":[{"embeddable":true,"href":"https:\/\/www.cronacaonline.it\/index.php\/wp-json\/wp\/v2\/media\/212144"}],"wp:attachment":[{"href":"https:\/\/www.cronacaonline.it\/index.php\/wp-json\/wp\/v2\/media?parent=213843"}],"wp:term":[{"taxonomy":"category","embeddable":true,"href":"https:\/\/www.cronacaonline.it\/index.php\/wp-json\/wp\/v2\/categories?post=213843"},{"taxonomy":"post_tag","embeddable":true,"href":"https:\/\/www.cronacaonline.it\/index.php\/wp-json\/wp\/v2\/tags?post=213843"}],"curies":[{"name":"wp","href":"https:\/\/api.w.org\/{rel}","templated":true}]}}