{"id":213837,"date":"2021-11-03T15:23:23","date_gmt":"2021-11-03T14:23:23","guid":{"rendered":"https:\/\/www.cronacaonline.it\/?p=213837"},"modified":"2021-11-03T15:23:25","modified_gmt":"2021-11-03T14:23:25","slug":"sanita-il-presidente-solinas-stop-al-numero-chiuso-in-medicina-paghiamo-i-danni-dei-tagli-indiscriminati-del-passato-la-regione-e-dalla-parte-dei-cittadini","status":"publish","type":"post","link":"https:\/\/www.cronacaonline.it\/index.php\/2021\/11\/03\/sanita-il-presidente-solinas-stop-al-numero-chiuso-in-medicina-paghiamo-i-danni-dei-tagli-indiscriminati-del-passato-la-regione-e-dalla-parte-dei-cittadini\/","title":{"rendered":"Sanit\u00e0, il presidente Solinas: stop al numero chiuso in medicina. Paghiamo i danni dei tagli indiscriminati del passato. La regione \u00e8 dalla parte dei cittadini."},"content":{"rendered":"\n<p>Cagliari, 3 Nov 2021\u00a0- La Sardegna \u00e8 costretta oggi a pagare il prezzo di scelte profondamente sbagliate compiute in passato, ad iniziare dai tagli indiscriminati alla sanit\u00e0 pubblica e al blocco del turn over, che ha determinato una gravissima carenza di personale. Porre rimedio \u00e8 impresa difficile, anche in considerazione della scelta, anch\u2019essa sbagliata, del numero chiuso nella Facolt\u00e0 di medicina.<\/p>\n\n\n\n<p>Lo afferma il Presidente della Regione Christian Solinas.&nbsp;<\/p>\n\n\n\n<p>Chiediamo al Governo, dice il Presidente, l'immediata sospensione del numero chiuso in Medicina per poter programmare immediatamente l'incremento dei medici, che \u00e8 estremamente urgente. Se oggi non abbiamo un numero sufficiente di sanitari, prosegue, \u00e8 perch\u00e9 il sistema universitario non ne ha messo in campo quanto era necessario. E\u2019 chiaro, prosegue il Presidente Solinas, che questa competenza \u00e8 in capo allo Stato, e non delle Regioni, che poi sono chiamate a gestire i disagi e le giuste rivendicazioni dei cittadini in materia di salute.<\/p>\n\n\n\n<p>Per troppi anni, prosegue il Presidente, si \u00e8 tagliato sulla sanit\u00e0, inseguendo traguardi di economicit\u00e0 che non si conciliano con una gestione efficiente del sistema e con servizi di alto livello offerti ai cittadini, men che meno in un periodo di emergenza quale quello attuale. Oggi paghiamo il conto.&nbsp;<\/p>\n\n\n\n<p>La Regione \u00e8 dalla stessa parte dei cittadini e dei territori, e con loro chiede a gran voce strumenti straordinari per l'emergenza. Sospensione del numero chiuso in medicina, incremento dei posti nelle scuole di specializzazione e vincolo almeno quinquennale per gli specializzati di operare nel sistema sanitario della Regione che li ha formati.&nbsp;<\/p>\n\n\n\n<p>Abbiamo gi\u00e0 previsto incentivi per il personale medico sanitario che lavora in sedi disagiate.&nbsp;<\/p>\n\n\n\n<p>Occorre inoltre, conclude il Presidente Solinas, un bando internazionale per attrarre nel SSR professionalit\u00e0 che consentano di colmare le carenze organiche in via straordinaria, per combattere l\u2019emergenza attuale e programmare il futuro garantendo ai cittadini un servizio sanitario pienamente efficiente e vicino alle loro esigenze e, soprattutto, ai loro diritti. Com<\/p>\n","protected":false},"excerpt":{"rendered":"<p>Cagliari, 3 Nov 2021\u00a0&#8211; La Sardegna \u00e8 costretta oggi a pagare il prezzo di scelte profondamente sbagliate compiute in passato, ad iniziare dai tagli indiscriminati&#8230;<\/p>\n","protected":false},"author":2,"featured_media":176999,"comment_status":"closed","ping_status":"open","sticky":false,"template":"","format":"standard","meta":[],"categories":[49,52],"tags":[],"_links":{"self":[{"href":"https:\/\/www.cronacaonline.it\/index.php\/wp-json\/wp\/v2\/posts\/213837"}],"collection":[{"href":"https:\/\/www.cronacaonline.it\/index.php\/wp-json\/wp\/v2\/posts"}],"about":[{"href":"https:\/\/www.cronacaonline.it\/index.php\/wp-json\/wp\/v2\/types\/post"}],"author":[{"embeddable":true,"href":"https:\/\/www.cronacaonline.it\/index.php\/wp-json\/wp\/v2\/users\/2"}],"replies":[{"embeddable":true,"href":"https:\/\/www.cronacaonline.it\/index.php\/wp-json\/wp\/v2\/comments?post=213837"}],"version-history":[{"count":1,"href":"https:\/\/www.cronacaonline.it\/index.php\/wp-json\/wp\/v2\/posts\/213837\/revisions"}],"predecessor-version":[{"id":213838,"href":"https:\/\/www.cronacaonline.it\/index.php\/wp-json\/wp\/v2\/posts\/213837\/revisions\/213838"}],"wp:featuredmedia":[{"embeddable":true,"href":"https:\/\/www.cronacaonline.it\/index.php\/wp-json\/wp\/v2\/media\/176999"}],"wp:attachment":[{"href":"https:\/\/www.cronacaonline.it\/index.php\/wp-json\/wp\/v2\/media?parent=213837"}],"wp:term":[{"taxonomy":"category","embeddable":true,"href":"https:\/\/www.cronacaonline.it\/index.php\/wp-json\/wp\/v2\/categories?post=213837"},{"taxonomy":"post_tag","embeddable":true,"href":"https:\/\/www.cronacaonline.it\/index.php\/wp-json\/wp\/v2\/tags?post=213837"}],"curies":[{"name":"wp","href":"https:\/\/api.w.org\/{rel}","templated":true}]}}