{"id":213832,"date":"2021-11-03T13:16:18","date_gmt":"2021-11-03T12:16:18","guid":{"rendered":"https:\/\/www.cronacaonline.it\/?p=213832"},"modified":"2021-11-03T13:16:20","modified_gmt":"2021-11-03T12:16:20","slug":"stabilizzazioni-nel-consorzio-di-bonifica-delloristanese-audizioni-in-quinta-commissione","status":"publish","type":"post","link":"https:\/\/www.cronacaonline.it\/index.php\/2021\/11\/03\/stabilizzazioni-nel-consorzio-di-bonifica-delloristanese-audizioni-in-quinta-commissione\/","title":{"rendered":"Stabilizzazioni nel Consorzio di bonifica dell\u2019oristanese, audizioni in Quinta Commissione."},"content":{"rendered":"\n<p>Cagliari, 3 novembre 2021\u00a0\u2013\u00a0Il processo di stabilizzazione dei lavoratori avventizi del Consorzio di Bonifica dell\u2019oristanese andr\u00e0 avanti ma sar\u00e0 necessario rispettare una tempistica che consenta di portare a termine la formazione del personale da assumere. Lo ha assicurato il presidente del CBO Carlo Corrias sentito in audizione dalla Quinta Commissione del Consiglio regionale: \u00abSono 87 i lavoratori da stabilizzare \u2013 ha detto Corrias \u2013 la volont\u00e0 del Consorzio \u00e8 chiara, c\u2019\u00e8 una delibera approvata all\u2019unanimit\u00e0 che dice s\u00ec all\u2019assunzione. Questa operazione va per\u00f2 fatta garantendo la sostenibilit\u00e0 economica e operativa dell\u2019Ente. Ci sono alcune figure qualificate che possono essere stabilizzate subito, per altre invece si rende necessario un percorso formativo\u00bb. L\u2019ipotesi formulata dai vertici del Consorzio prevede l\u2019assunzione immediata di 47 lavoratori (il 54% degli avventizi da stabilizzare), altri 12 entro un anno e il resto (28 lavoratori) entro 24 mesi. \u00abIl Consorzio sta investendo in tecnologie e innovazione \u2013 ha concluso Sechi \u2013 chi \u00e8 gi\u00e0 specializzato pu\u00f2 dare subito il suo contributo. Chi invece \u00e8 senza qualifica deve formarsi. Una volta conclusi i corsi di specializzazione, chi li frequenter\u00e0 sar\u00e0 immediatamente assunto\u00bb.<\/p>\n\n\n\n<p>Percorso giudicato sostenibile anche dal revisore dei conti del CBO Remigio Sequi: \u00abLa gestione economica del Consorzio \u00e8 ora in perfetto equilibrio \u2013 ha detto Sequi \u2013 negli anni scorsi si \u00e8 registrato un deficit di 17 milioni di euro dovuto alle modalit\u00e0 di redazione dei bilanci secondo il criterio di cassa e non di competenza. Tutte le azioni devono essere orientate a garantire una gestione virtuosa: il processo di stabilizzazione ha coperture fino al 2022. Cosa accadr\u00e0 dopo?\u00bb. D\u2019accordo sul percorso intrapreso anche il direttore di Anbi Sardegna Roberto Scano: \u00abIl Consorzio di bonifica dell\u2019oristanese ha ora una gestione in equilibrio. Servono figure sempre pi\u00f9 specializzate. Non si pu\u00f2 prescindere dalla formazione\u00bb.<\/p>\n\n\n\n<p>Nel corso dell\u2019audizione sono intervenuti i consiglieri di maggioranza Emanuele Cera (Forza Italia), Francesco Mura (FdI) e Franco Stara (Udc). I primi due hanno dichiarato la propria soddisfazione per l\u2019impegno preso dal presidente del Consorzio sul fronte delle stabilizzazioni: \u00abC\u2019\u00e8 un percorso chiaro \u2013 hanno detto \u2013 sulle tempistiche \u00e8 giusto che ci siano delle valutazioni interne al consorzio e all\u2019assessorato. L\u2019importante \u00e8 che si rispetto le indicazioni date dal Consiglio\u00bb. Stara ha invece sollecitato un accordo tra Consorzio, assessorati e sindacati che che consente di procedere alle stabilizzazioni tenendo per\u00f2 ferme l\u2019esigenza di una gestione sostenibile dell\u2019ente. Di diverso avviso il consigliere del Movimento Cinque Stelle Alessandro Corrias: \u00abLe indicazioni della politica erano diverse \u2013 ha detto Solinas \u2013 non c\u2019era nessuna richiesta di qualifiche e percorsi formativi. Il Consiglio ha stanziato i fondi per procedere alla stabilizzazione di tutti i lavoratori avventizi del Consorzio di bonifica. Questo deve essere fatto garantendo, naturalmente, una gestione virtuosa del Consorzio\u00bb.<\/p>\n\n\n\n<p>Al termine dell\u2019audizione la seduta si \u00e8 interrotta. Il capogruppo della Lega Dario Giagoni e il consigliere dell\u2019Udc Franco Stara hanno comunicato la decisione dei loro gruppi di non prendere pi\u00f9 parte alle sedute delle commissioni permanenti fino a quando non saranno rinnovati \u2013 come stabilito dal Regolamento interno - gli uffici di presidenza ormai scaduti.&nbsp;<\/p>\n","protected":false},"excerpt":{"rendered":"<p>Cagliari, 3 novembre 2021\u00a0\u2013\u00a0Il processo di stabilizzazione dei lavoratori avventizi del Consorzio di Bonifica dell\u2019oristanese andr\u00e0 avanti ma sar\u00e0 necessario rispettare una tempistica che consenta&#8230;<\/p>\n","protected":false},"author":2,"featured_media":213833,"comment_status":"closed","ping_status":"open","sticky":false,"template":"","format":"standard","meta":[],"categories":[49,52],"tags":[],"_links":{"self":[{"href":"https:\/\/www.cronacaonline.it\/index.php\/wp-json\/wp\/v2\/posts\/213832"}],"collection":[{"href":"https:\/\/www.cronacaonline.it\/index.php\/wp-json\/wp\/v2\/posts"}],"about":[{"href":"https:\/\/www.cronacaonline.it\/index.php\/wp-json\/wp\/v2\/types\/post"}],"author":[{"embeddable":true,"href":"https:\/\/www.cronacaonline.it\/index.php\/wp-json\/wp\/v2\/users\/2"}],"replies":[{"embeddable":true,"href":"https:\/\/www.cronacaonline.it\/index.php\/wp-json\/wp\/v2\/comments?post=213832"}],"version-history":[{"count":1,"href":"https:\/\/www.cronacaonline.it\/index.php\/wp-json\/wp\/v2\/posts\/213832\/revisions"}],"predecessor-version":[{"id":213834,"href":"https:\/\/www.cronacaonline.it\/index.php\/wp-json\/wp\/v2\/posts\/213832\/revisions\/213834"}],"wp:featuredmedia":[{"embeddable":true,"href":"https:\/\/www.cronacaonline.it\/index.php\/wp-json\/wp\/v2\/media\/213833"}],"wp:attachment":[{"href":"https:\/\/www.cronacaonline.it\/index.php\/wp-json\/wp\/v2\/media?parent=213832"}],"wp:term":[{"taxonomy":"category","embeddable":true,"href":"https:\/\/www.cronacaonline.it\/index.php\/wp-json\/wp\/v2\/categories?post=213832"},{"taxonomy":"post_tag","embeddable":true,"href":"https:\/\/www.cronacaonline.it\/index.php\/wp-json\/wp\/v2\/tags?post=213832"}],"curies":[{"name":"wp","href":"https:\/\/api.w.org\/{rel}","templated":true}]}}