{"id":213811,"date":"2021-11-03T09:04:00","date_gmt":"2021-11-03T08:04:00","guid":{"rendered":"https:\/\/www.cronacaonline.it\/?p=213811"},"modified":"2021-11-03T09:04:02","modified_gmt":"2021-11-03T08:04:02","slug":"arriva-il-via-libera-al-vaccino-pfizer-per-i-bambini-biden-siamo-a-una-svolta","status":"publish","type":"post","link":"https:\/\/www.cronacaonline.it\/index.php\/2021\/11\/03\/arriva-il-via-libera-al-vaccino-pfizer-per-i-bambini-biden-siamo-a-una-svolta\/","title":{"rendered":"Arriva il via libera al vaccino Pfizer per i bambini. Biden: &#8220;Siamo a una svolta&#8221;."},"content":{"rendered":"\n<p>Cagliari, 3 Nov 2021 \u2013 Arriva il via libera alla somministrazione del vaccino Pfizer Biontech ai bambini tra i 5 e gli 11anni. Lo hanno deciso i Centers for Disease Control and Prevention negli Usa e la campagna di vaccinazione dovrebbe partire a brevissimo: gi\u00e0 l\u20198 novembre.<\/p>\n\n\n\n<p>\"Oggi abbiamo raggiunto un punto di svolta nella nostra battaglia contro il Covid-19: l'autorizzazione di un vaccino sicuro ed efficace per i bambini dai 5 agli 11 anni consentir\u00e0 ai genitori di porre fine a mesi di ansiosa preoccupazione per i propri figli e ridurre la misura in cui i bambini diffondono il virus ad altri. \u00c8 un importante passo avanti per la nostra nazione nella nostra lotta per sconfiggere il virus\".<\/p>\n\n\n\n<p>Lo ha dichiarato il presidente degli Stati Uniti, Joe Biden, in una nota diffusa sul sito della Casa Bianca. \"Nelle ultime settimane la mia Amministrazione ha lavorato duramente per prepararsi a questo momento: siamo pronti ad agire - continua -. Abbiamo gi\u00e0 assicurato una fornitura sufficiente di vaccini per ogni bambino in America e lo scorso fine settimana abbiamo iniziato il processo di confezionamento e spedizione di milioni di dosi di vaccini pediatrici. Queste dosi, progettate appositamente per questi bambini pi\u00f9 piccoli, hanno iniziato ad arrivare in migliaia di localit\u00e0 in tutto il Paese\".<\/p>\n\n\n\n<p>\"Il programma aumenter\u00e0 nei prossimi giorni e sar\u00e0 pienamente operativo durante la settimana dell'8 novembre. I genitori potranno portare i propri figli in migliaia di farmacie, pediatri, scuole e altri siti per vaccinarsi. Grazie alle basi che abbiamo gettato, possiamo essere certi che le vaccinazioni per i bambini saranno disponibili, facili e convenienti\", si legge ancora nella nota di Biden. Che si conclude: \"Un vaccino per i bambini dai 5 agli 11 anni ci consentir\u00e0 di sfruttare gli straordinari progressi che abbiamo fatto negli ultimi nove mesi. Gi\u00e0, oltre il 78% degli americani di et\u00e0 pari o superiore a 12 anni ha ricevuto almeno un'iniezione, inclusi milioni di adolescenti, e i vaccini si sono dimostrati incredibilmente sicuri ed efficaci\".<\/p>\n","protected":false},"excerpt":{"rendered":"<p>Cagliari, 3 Nov 2021 \u2013 Arriva il via libera alla somministrazione del vaccino Pfizer Biontech ai bambini tra i 5 e gli 11anni. Lo hanno&#8230;<\/p>\n","protected":false},"author":2,"featured_media":213812,"comment_status":"closed","ping_status":"open","sticky":false,"template":"","format":"standard","meta":[],"categories":[49,50],"tags":[],"_links":{"self":[{"href":"https:\/\/www.cronacaonline.it\/index.php\/wp-json\/wp\/v2\/posts\/213811"}],"collection":[{"href":"https:\/\/www.cronacaonline.it\/index.php\/wp-json\/wp\/v2\/posts"}],"about":[{"href":"https:\/\/www.cronacaonline.it\/index.php\/wp-json\/wp\/v2\/types\/post"}],"author":[{"embeddable":true,"href":"https:\/\/www.cronacaonline.it\/index.php\/wp-json\/wp\/v2\/users\/2"}],"replies":[{"embeddable":true,"href":"https:\/\/www.cronacaonline.it\/index.php\/wp-json\/wp\/v2\/comments?post=213811"}],"version-history":[{"count":1,"href":"https:\/\/www.cronacaonline.it\/index.php\/wp-json\/wp\/v2\/posts\/213811\/revisions"}],"predecessor-version":[{"id":213813,"href":"https:\/\/www.cronacaonline.it\/index.php\/wp-json\/wp\/v2\/posts\/213811\/revisions\/213813"}],"wp:featuredmedia":[{"embeddable":true,"href":"https:\/\/www.cronacaonline.it\/index.php\/wp-json\/wp\/v2\/media\/213812"}],"wp:attachment":[{"href":"https:\/\/www.cronacaonline.it\/index.php\/wp-json\/wp\/v2\/media?parent=213811"}],"wp:term":[{"taxonomy":"category","embeddable":true,"href":"https:\/\/www.cronacaonline.it\/index.php\/wp-json\/wp\/v2\/categories?post=213811"},{"taxonomy":"post_tag","embeddable":true,"href":"https:\/\/www.cronacaonline.it\/index.php\/wp-json\/wp\/v2\/tags?post=213811"}],"curies":[{"name":"wp","href":"https:\/\/api.w.org\/{rel}","templated":true}]}}