{"id":213805,"date":"2021-11-02T17:43:43","date_gmt":"2021-11-02T16:43:43","guid":{"rendered":"https:\/\/www.cronacaonline.it\/?p=213805"},"modified":"2021-11-02T17:43:44","modified_gmt":"2021-11-02T16:43:44","slug":"pd-deidda-giunta-sardegna-risponde-a-interessi-di-pochi-societa-sarda-indebolita-pd-metta-al-centro-la-persona","status":"publish","type":"post","link":"https:\/\/www.cronacaonline.it\/index.php\/2021\/11\/02\/pd-deidda-giunta-sardegna-risponde-a-interessi-di-pochi-societa-sarda-indebolita-pd-metta-al-centro-la-persona\/","title":{"rendered":"Pd: Deidda, Giunta Sardegna risponde a interessi di pochi. \u201cSociet\u00e0 sarda indebolita, Pd metta al centro la persona\u201d."},"content":{"rendered":"\n<p>Cagliari, 2 Nov 2021 - \u201cLa Sardegna \u00e8 in balia di un \u2018governo regionale\u2019 assolutamente incapace di rispondere alle esigenze dei Sardi, impegnato a rispondere agli interessi di pochi. E\u2019 di questi giorni l\u2019approvazione di una legge Omnibus per cui un\u2019esponente di spicco dell\u2019attuale maggioranza regionale ha parlato di \u2018marchette di 10, 7 mila euro\u2019. E intanto la societ\u00e0 sarda appare sempre pi\u00f9 debole, infiacchita, ripiegata su se stessa per il costante impoverimento, crescente disoccupazione, insopportabili diseguaglianze sociali e territoriali, per l\u2019emigrazione delle giovani generazioni, gli insostenibili livelli di abbandono e dispersione scolastici, l\u2019arretramento dei servizi pubblici essenziali a partire dalla sanit\u00e0, dai servizi socio-educativi e da quelli alle famiglie\u201d. \u00c8 il pensiero di Caterina Deidda componente Direzione regionale del Partito democratico della Sardegna, in riferimento all\u2019invio della lettera, sottoscritta da 200 esponenti dem, a iscritti e simpatizzanti del partito in vista del congresso regionale.<\/p>\n\n\n\n<p>\u201cSono tutte ragioni che ci spingono \u2013 spiega la dirigente del Pd - a rafforzare e proseguire il percorso partecipato intrapreso con la presentazione del documento tematico. Un percorso che, oltre a indicare come dovrebbe essere un partito che ritorna ad essere popolare, inclusivo, scalabile, propone un\u2019agenda sociale che mette al centro la persona\u201d.&nbsp;<\/p>\n\n\n\n<p>\u201cPer noi mettere al centro la persona significa, prima di tutto, offrire a ciascuno la possibilit\u00e0 di realizzare il proprio progetto di vita. Questo anche nel nuovo contesto ridisegnato dalla pandemia, dove torna centrale il tema dell\u2019accesso universale a beni e servizi pubblici: sanit\u00e0, scuola, formazione, rete, ambiente e l\u2019imprescindibilit\u00e0 di alcuni diritti civili e sociali: lavoro, sicurezza sociale, genitorialit\u00e0, residenza, mobilit\u00e0, inclusione\u201d.<\/p>\n\n\n\n<p>Per Deidda \u201cil Partito democratico sardo deve essere il partito dei luoghi e delle persone, deve elaborare e costruire strumenti e percorsi partecipati per poter garantire a tutti i diritti sociali fondamentali, deve essere un partito che fa sua la funzione di intermediazione fra territori e istituzioni, ponendo come centrali i bisogni reali dei Sardi. Per noi va data attenzione particolare alle fragilit\u00e0, alle vulnerabilit\u00e0, al disagio sociale e alle disuguaglianze che oggi - conclude - si presentano con formule nuove e articolazioni inedite ma tutte comunque insopportabili\u201d. Com<\/p>\n","protected":false},"excerpt":{"rendered":"<p>Cagliari, 2 Nov 2021 &#8211; \u201cLa Sardegna \u00e8 in balia di un \u2018governo regionale\u2019 assolutamente incapace di rispondere alle esigenze dei Sardi, impegnato a rispondere&#8230;<\/p>\n","protected":false},"author":2,"featured_media":7831,"comment_status":"closed","ping_status":"open","sticky":false,"template":"","format":"standard","meta":[],"categories":[49,52],"tags":[],"_links":{"self":[{"href":"https:\/\/www.cronacaonline.it\/index.php\/wp-json\/wp\/v2\/posts\/213805"}],"collection":[{"href":"https:\/\/www.cronacaonline.it\/index.php\/wp-json\/wp\/v2\/posts"}],"about":[{"href":"https:\/\/www.cronacaonline.it\/index.php\/wp-json\/wp\/v2\/types\/post"}],"author":[{"embeddable":true,"href":"https:\/\/www.cronacaonline.it\/index.php\/wp-json\/wp\/v2\/users\/2"}],"replies":[{"embeddable":true,"href":"https:\/\/www.cronacaonline.it\/index.php\/wp-json\/wp\/v2\/comments?post=213805"}],"version-history":[{"count":1,"href":"https:\/\/www.cronacaonline.it\/index.php\/wp-json\/wp\/v2\/posts\/213805\/revisions"}],"predecessor-version":[{"id":213806,"href":"https:\/\/www.cronacaonline.it\/index.php\/wp-json\/wp\/v2\/posts\/213805\/revisions\/213806"}],"wp:featuredmedia":[{"embeddable":true,"href":"https:\/\/www.cronacaonline.it\/index.php\/wp-json\/wp\/v2\/media\/7831"}],"wp:attachment":[{"href":"https:\/\/www.cronacaonline.it\/index.php\/wp-json\/wp\/v2\/media?parent=213805"}],"wp:term":[{"taxonomy":"category","embeddable":true,"href":"https:\/\/www.cronacaonline.it\/index.php\/wp-json\/wp\/v2\/categories?post=213805"},{"taxonomy":"post_tag","embeddable":true,"href":"https:\/\/www.cronacaonline.it\/index.php\/wp-json\/wp\/v2\/tags?post=213805"}],"curies":[{"name":"wp","href":"https:\/\/api.w.org\/{rel}","templated":true}]}}