{"id":213755,"date":"2021-11-01T16:13:16","date_gmt":"2021-11-01T15:13:16","guid":{"rendered":"https:\/\/www.cronacaonline.it\/?p=213755"},"modified":"2021-11-01T16:13:17","modified_gmt":"2021-11-01T15:13:17","slug":"pd-sardegna-dichiarazione-di-romina-mura-congresso-del-pd-popolare-e-trasparente-per-fermare-solinas","status":"publish","type":"post","link":"https:\/\/www.cronacaonline.it\/index.php\/2021\/11\/01\/pd-sardegna-dichiarazione-di-romina-mura-congresso-del-pd-popolare-e-trasparente-per-fermare-solinas\/","title":{"rendered":"Pd Sardegna &#8211; Dichiarazione di Romina Mura: congresso del Pd popolare e trasparente per fermare Solinas."},"content":{"rendered":"\n<p>Cagliari, 1 Nov 2021 - \u201cPer rilanciare il Partito Democratico sardo abbiamo messo a disposizione di tutte le democratiche e i democratici il nostro contributo al percorso congressuale. E per fermare un presidente di Regione rassegnato e distratto dai giochi di palazzo, siamo convinti che il partito si debba riappropriare della sua originaria dimensione popolare e che si debba avviare una discussione pubblica, franca e leale. Perci\u00f2 alle mozioni congressuali proponiamo un processo politico chiaro e di cambiamento, incentrato sui temi e sulla nuova classe dirigente che quei temi dovr\u00e0 interpretare, con la credibilit\u00e0 e la reciproca fiducia che nascer\u00e0 dalla condivisione\u201d.<\/p>\n\n\n\n<p>Lo afferma in una nota la deputata Romina Mura (Pd) che rilancia i contenuti della proposta congressuale sottoscritta da duecento esponenti dem, sintetizzata in una lettera agli iscritti e agli elettori del Pd sardo.<\/p>\n\n\n\n<p>\u201cNegli ultimi giorni abbiamo aperto un dibattito di idee che pu\u00f2 essere integrato, migliorato, confutato ma \u2013 precisa la parlamentare dem - assolutamente non ignorato. Le eventuali convergenze o divergenze avvengano sulle proposte concrete, non sulle fisionomie personali\u201d.<\/p>\n\n\n\n<p>Tra i punti richiamati nella lettera, oltre all\u2019alternativa a Solinas, all\u2019agenda sociale, alle aree interne e alla forma partito, Mura evidenzia la \u201cquestione sarda, che comprende lo sviluppo dell\u2019autonomia regionale e il rapporto con i movimenti e i partiti dell\u2019autodeterminazione\u201d, e il tema della scelta del prossimo candidato alla Presidenza della Regione, che deve avvenire \u201ccon un metodo democratico e partecipato da tutte le forze della futura coalizione\u201d. Red<\/p>\n","protected":false},"excerpt":{"rendered":"<p>Cagliari, 1 Nov 2021 &#8211; \u201cPer rilanciare il Partito Democratico sardo abbiamo messo a disposizione di tutte le democratiche e i democratici il nostro contributo&#8230;<\/p>\n","protected":false},"author":2,"featured_media":211503,"comment_status":"closed","ping_status":"open","sticky":false,"template":"","format":"standard","meta":[],"categories":[49,52],"tags":[],"_links":{"self":[{"href":"https:\/\/www.cronacaonline.it\/index.php\/wp-json\/wp\/v2\/posts\/213755"}],"collection":[{"href":"https:\/\/www.cronacaonline.it\/index.php\/wp-json\/wp\/v2\/posts"}],"about":[{"href":"https:\/\/www.cronacaonline.it\/index.php\/wp-json\/wp\/v2\/types\/post"}],"author":[{"embeddable":true,"href":"https:\/\/www.cronacaonline.it\/index.php\/wp-json\/wp\/v2\/users\/2"}],"replies":[{"embeddable":true,"href":"https:\/\/www.cronacaonline.it\/index.php\/wp-json\/wp\/v2\/comments?post=213755"}],"version-history":[{"count":1,"href":"https:\/\/www.cronacaonline.it\/index.php\/wp-json\/wp\/v2\/posts\/213755\/revisions"}],"predecessor-version":[{"id":213756,"href":"https:\/\/www.cronacaonline.it\/index.php\/wp-json\/wp\/v2\/posts\/213755\/revisions\/213756"}],"wp:featuredmedia":[{"embeddable":true,"href":"https:\/\/www.cronacaonline.it\/index.php\/wp-json\/wp\/v2\/media\/211503"}],"wp:attachment":[{"href":"https:\/\/www.cronacaonline.it\/index.php\/wp-json\/wp\/v2\/media?parent=213755"}],"wp:term":[{"taxonomy":"category","embeddable":true,"href":"https:\/\/www.cronacaonline.it\/index.php\/wp-json\/wp\/v2\/categories?post=213755"},{"taxonomy":"post_tag","embeddable":true,"href":"https:\/\/www.cronacaonline.it\/index.php\/wp-json\/wp\/v2\/tags?post=213755"}],"curies":[{"name":"wp","href":"https:\/\/api.w.org\/{rel}","templated":true}]}}