{"id":213737,"date":"2021-11-01T09:50:39","date_gmt":"2021-11-01T08:50:39","guid":{"rendered":"https:\/\/www.cronacaonline.it\/?p=213737"},"modified":"2021-11-01T09:50:41","modified_gmt":"2021-11-01T08:50:41","slug":"cop26-johnson-sul-clima-il-mondo-e-a-un-minuto-dalla-mezzanotte","status":"publish","type":"post","link":"https:\/\/www.cronacaonline.it\/index.php\/2021\/11\/01\/cop26-johnson-sul-clima-il-mondo-e-a-un-minuto-dalla-mezzanotte\/","title":{"rendered":"Cop26. Johnson: &#8220;Sul clima il mondo \u00e8 a un minuto dalla mezzanotte&#8221;."},"content":{"rendered":"\n<p>Cagliari, 1 Nov 2021 - \"L'umanit\u00e0 ha esaurito il tempo sui cambiamenti\u00a0climatici. Manca un minuto all'ora X e dobbiamo agire ora\". Cos\u00ec il\u00a0premier britannico Boris Johnson nel discorso che tiene oggi alla cerimonia di apertura della Cop26 a\u00a0Glasgow, in Scozia, secondo le anticipazioni diffuse da Downing\u00a0Street e riportate dalla stampa locale. \"Se non prendiamo sul serio il\u00a0cambiamento climatico oggi, domani sar\u00e0 troppo tardi per i nostri figli\", sottolinea Johnson che spinger\u00e0 gli altri leader mondiali ad adottare misure concrete\u00a0per eliminare gradualmente l'uso del carbone, accelerare la transizione ai\u00a0veicoli elettrici e fermare la deforestazione.<\/p>\n\n\n\n<p>Dopo i discorsi inaugurali,&nbsp;nel pomeriggio Johnson presiede una tavola rotonda&nbsp;\u2014 cui partecipa anche Mario Draghi \u2014 che vedr\u00e0 assieme alcune delle maggiori economie mondiali con i Paesi pi\u00f9 esposti al cambiamento climatico, per capire su quali fronti occorre agire e dare il tono alle discussioni delle prossime due settimane. Prima della tavola rotonda Johnson avr\u00e0&nbsp;una serie di&nbsp;incontri tra cui un bilaterale con il premier israeliano Naftali Bennet, e con&nbsp;quello libanese Najib Mikati.<\/p>\n\n\n\n<p>La Cop26 oggi e domani vedr\u00e0 a Glasgow i capi di Stato e di governo, che lanceranno in due giorni i messaggi politici necessari a dare il quadro alla Conferenza, per poi lasciare il campo ai negoziatori, fino al 12 novembre. Nella speranza che riescano a trovare un accordo, sotto le nuvole autunnali della Scozia. Non sar\u00e0 presente ai lavori - per motivi di sicurezza - il Presidente turco Recep Tayyp Erdogan. Il ministro dell'ambiente Murat Kurum e altri alti funzionari del governo turco parteciperanno comunque al summit.&nbsp;La Turchia \u00e8 stato l'ultimo paese del G20, e tra gli ultimi al mondo, a ratificare a inizio ottobre l'accordo di Parigi sul clima.<\/p>\n\n\n\n<p>Gli obiettivi concreti della conferenza di Glasgow sono tre. Primo, fare quanto \u00e8 necessario per&nbsp;mantenere il riscaldamento del pianeta intorno a 1,5 gradi centigradi, rispetto ai livelli preindustriali, come previsto dall'accordo di Parigi del 2015. E, per mantenere questo obiettivo in vista, servono pi\u00f9 sforzi gi\u00e0 in questo decennio, come ha detto la presidente della Commissione Europea Ursula von der Leyen. Insomma, chi ha preso impegni lontani nel tempo dovrebbe presentare anche piani intermedi e concreti per attuarli, agendo gi\u00e0 in questo decennio.<\/p>\n\n\n\n<p>Secondo,&nbsp;mobilitare la finanza climatica, cio\u00e8 gli aiuti finanziari dei Paesi pi\u00f9 sviluppati (in gran parte responsabili del riscaldamento del pianeta) nei confronti di quelli pi\u00f9 poveri, per aiutarli a passare ad un'economia meno inquinante, riuscendo a consegnare 100 mld di dollari l'anno gi\u00e0 a partire dal 2022, e non dal 2023.&nbsp;Terzo, trovare un accordo sul 'rulebook', l'insieme delle regole che, su base scientifica, consentiranno di misurare le emissioni climalteranti e lo scambio di quote delle stesse tra i Paesi, evitando i doppi conteggi. \u00c8 la parte pi\u00f9 tecnica e complicata del negoziato, ma anche quella sulla quale a Bruxelles si respira un certo ottimismo.<\/p>\n\n\n\n<p>Il Presidente della Commissione europea Von der Leyen parteciper\u00e0 ad alcune iniziative collaterali alla Cop26. Con Joe Biden lancer\u00e0 un impegno per ridurre entro il 2030 almeno del 30% le emissioni di metano (gas pi\u00f9 dannoso per il clima della Co2) e con Bill Gates un\u2019iniziativa per finanziare le tecnologie verdi e aiutare a portarle sul mercato.&nbsp;L\u2019Ue poi, insieme ad altri, aiuter\u00e0 il Sudafrica ad accelerare la propria uscita dal carbone, con una partnership che potrebbe essere replicata in altre parti del mondo.<\/p>\n\n\n\n<p>\u00c8 un evento gigantesco, con sfide complesse. Lo&nbsp;sciopero dei treni \u00e8 stato scongiurato. Sugli alloggi stiamo facendo il&nbsp;possibile per accogliere tutti. Ma la cosa pi\u00f9 importante ora \u00e8 colmare, nelle&nbsp;prossime due settimane, il vuoto enorme che abbiamo sul clima. I leader mondiali&nbsp;avranno una responsabilit\u00e0 colossale. Il mondo non sta facendo abbastanza e&nbsp;questo summit decider\u00e0 le sorti del pianeta\". A dirlo, in un'intervista a&nbsp;Repubblica, \u00e8 la premier scozzese Nicola Sturgeon, che ospita la Cop26 a&nbsp;Glasgow.<\/p>\n\n\n\n<p>\"Il motto della Cop \u00e8 di 'tener vivo il sogno di 1,5 gradi' e&nbsp;preparare il terreno affinch\u00e9 questo obiettivo possa essere raggiunto nei&nbsp;prossimi anni ed evitare cos\u00ec la catastrofe\". Un obiettivo comune che ha fatto&nbsp;passare in secondo piano anche rivalit\u00e0 antichissime: \"Nonostante molte nostre divergenze, con Londra c\u2019\u00e8 stata grande collaborazione negli ultimi mesi e&nbsp;spero che il governo britannico raggiunga un ottimo risultato con la Cop26.&nbsp;Inoltre, vogliamo essere un esempio: la Scozia si \u00e8 impegnata, in maniera&nbsp;vincolante, a raggiungere emissioni zero entro il 2045 (cinque anni prima di&nbsp;Regno Unito e Ue), e ridurle del 75% entro il 2030\".<\/p>\n\n\n\n<p>\"Bisogna avere - aggiunge poi Sturgeon - il giusto&nbsp;approccio alla transizione verde. Consumare di meno, sviluppare alternative&nbsp;energetiche, e allo stesso tempo riqualificare le decine di migliaia di persone&nbsp;che lavorano nei settori petroliferi e del gas. Il nostro partito&nbsp;indipendentista \u00e8 stato eletto in passato anche per le promesse sullo&nbsp;sfruttamento del petrolio. Non possiamo lasciare indietro questi lavoratori.&nbsp;Quindi, s\u00ec, bisogna essere veloci nella transizione, e al momento quasi il 100%&nbsp;della nostra elettricit\u00e0 domestica viene da energia pulita. Abbiamo un enorme&nbsp;potenziale in quella eolica. Ma questa rivoluzione va fatta nella maniera&nbsp;giusta\".<\/p>\n\n\n\n<p>A fare pressione dall\u2019esterno sulla Conferenza ci sono&nbsp;decine di migliaia di attivisti, discesi su Glasgow in queste ore: li guida Greta, che \u00e8 stata accolta sabato sera alla stazione da una ressa di centinaia di persone, fotografi e poliziotti.&nbsp;La giovane svedese guider\u00e0 una manifestazione di giovani venerd\u00ec, per poi parlare sabato alla grande marcia di protesta: ma in questi giorni \u00e8 gi\u00e0 Greta-mania. Lei \u00e8 comparsi ieri sugli schermi della&nbsp;Bbc, dove ha spiegato che \"a volte dobbiamo far arrabbiare la gente\" per riuscire far passare il messaggio giusto.<\/p>\n","protected":false},"excerpt":{"rendered":"<p>Cagliari, 1 Nov 2021 &#8211; &#8220;L&#8217;umanit\u00e0 ha esaurito il tempo sui cambiamenti\u00a0climatici. Manca un minuto all&#8217;ora X e dobbiamo agire ora&#8221;. Cos\u00ec il\u00a0premier britannico Boris&#8230;<\/p>\n","protected":false},"author":2,"featured_media":213738,"comment_status":"closed","ping_status":"open","sticky":false,"template":"","format":"standard","meta":[],"categories":[49,51],"tags":[],"_links":{"self":[{"href":"https:\/\/www.cronacaonline.it\/index.php\/wp-json\/wp\/v2\/posts\/213737"}],"collection":[{"href":"https:\/\/www.cronacaonline.it\/index.php\/wp-json\/wp\/v2\/posts"}],"about":[{"href":"https:\/\/www.cronacaonline.it\/index.php\/wp-json\/wp\/v2\/types\/post"}],"author":[{"embeddable":true,"href":"https:\/\/www.cronacaonline.it\/index.php\/wp-json\/wp\/v2\/users\/2"}],"replies":[{"embeddable":true,"href":"https:\/\/www.cronacaonline.it\/index.php\/wp-json\/wp\/v2\/comments?post=213737"}],"version-history":[{"count":1,"href":"https:\/\/www.cronacaonline.it\/index.php\/wp-json\/wp\/v2\/posts\/213737\/revisions"}],"predecessor-version":[{"id":213739,"href":"https:\/\/www.cronacaonline.it\/index.php\/wp-json\/wp\/v2\/posts\/213737\/revisions\/213739"}],"wp:featuredmedia":[{"embeddable":true,"href":"https:\/\/www.cronacaonline.it\/index.php\/wp-json\/wp\/v2\/media\/213738"}],"wp:attachment":[{"href":"https:\/\/www.cronacaonline.it\/index.php\/wp-json\/wp\/v2\/media?parent=213737"}],"wp:term":[{"taxonomy":"category","embeddable":true,"href":"https:\/\/www.cronacaonline.it\/index.php\/wp-json\/wp\/v2\/categories?post=213737"},{"taxonomy":"post_tag","embeddable":true,"href":"https:\/\/www.cronacaonline.it\/index.php\/wp-json\/wp\/v2\/tags?post=213737"}],"curies":[{"name":"wp","href":"https:\/\/api.w.org\/{rel}","templated":true}]}}