{"id":213735,"date":"2021-11-01T08:04:33","date_gmt":"2021-11-01T07:04:33","guid":{"rendered":"https:\/\/www.cronacaonline.it\/?p=213735"},"modified":"2021-11-01T08:04:35","modified_gmt":"2021-11-01T07:04:35","slug":"ddl-zan-romina-mura-pd-normale-deputato-che-parla-a-scuola-tema-dei-diritti-resta-sempre-di-attualita","status":"publish","type":"post","link":"https:\/\/www.cronacaonline.it\/index.php\/2021\/11\/01\/ddl-zan-romina-mura-pd-normale-deputato-che-parla-a-scuola-tema-dei-diritti-resta-sempre-di-attualita\/","title":{"rendered":"Ddl Zan: Romina Mura (Pd), normale deputato che parla a scuola: &#8220;Tema dei diritti resta sempre di attualit\u00e0&#8221;."},"content":{"rendered":"\n<p>Cagliari, 1 Nov 2021 - \"Le proteste dei sedicenti 'patrioti' sono goffe e inconcludenti: \u00e8 assolutamente normale e rientra nell'autonomia delle scuole ampliare l'offerta didattica approfondendo temi di attualit\u00e0 non solo politica ma soprattutto sociale. Chi pi\u00f9 competente del collega Zan per parlare di una legge che ha occupato i media e coinvolto cittadini e associazioni per settimane? E non si instaurino paralleli impropri con chi ci pubblicizza i propri libri. Forse la destra suppone che con l'affossamento proditorio della legge debba anche calare una cortina di silenzio sull'omofobia e analoghe violenze o intolleranze, ma si rassegnino perch\u00e9 il tema dei diritti rester\u00e0 sempre di attualit\u00e0. E non perch\u00e9 lo dice il Pd ma perch\u00e9 le persone con i loro problemi e le loro esigenze non spariscono a comando della destra\".<\/p>\n\n\n\n<p>La presidente della commissione Lavoro della Camera Romina Mura (Pd) con una nota replica agli esponenti di FdI che annunciano un'interrogazione al ministro dell'Istruzione per la presenza in una scuola di Oristano del deputato Alessandro Zan.<\/p>\n\n\n\n<p>\"Nascondere, rimandare, dirottare le grandi questioni del costume civile in Italia \u2013 conclude il comunicato della deputata dem - \u00e8 stato uno dei grandi limiti che ha impedito alla destra di essere un interlocutore dinamico della societ\u00e0, interprete invece solo delle istanze di conservazione. Ai surreali riferimenti alla 'propaganda comunista' non mette conto rispondere, tanto sono ridicoli e fuori dalla realt\u00e0, o forse - conclude Mura - un curioso sintomo di nostalgia per il passato\". Com<\/p>\n","protected":false},"excerpt":{"rendered":"<p>Cagliari, 1 Nov 2021 &#8211; &#8220;Le proteste dei sedicenti &#8216;patrioti&#8217; sono goffe e inconcludenti: \u00e8 assolutamente normale e rientra nell&#8217;autonomia delle scuole ampliare l&#8217;offerta didattica&#8230;<\/p>\n","protected":false},"author":2,"featured_media":212144,"comment_status":"closed","ping_status":"open","sticky":false,"template":"","format":"standard","meta":[],"categories":[49,52],"tags":[],"_links":{"self":[{"href":"https:\/\/www.cronacaonline.it\/index.php\/wp-json\/wp\/v2\/posts\/213735"}],"collection":[{"href":"https:\/\/www.cronacaonline.it\/index.php\/wp-json\/wp\/v2\/posts"}],"about":[{"href":"https:\/\/www.cronacaonline.it\/index.php\/wp-json\/wp\/v2\/types\/post"}],"author":[{"embeddable":true,"href":"https:\/\/www.cronacaonline.it\/index.php\/wp-json\/wp\/v2\/users\/2"}],"replies":[{"embeddable":true,"href":"https:\/\/www.cronacaonline.it\/index.php\/wp-json\/wp\/v2\/comments?post=213735"}],"version-history":[{"count":1,"href":"https:\/\/www.cronacaonline.it\/index.php\/wp-json\/wp\/v2\/posts\/213735\/revisions"}],"predecessor-version":[{"id":213736,"href":"https:\/\/www.cronacaonline.it\/index.php\/wp-json\/wp\/v2\/posts\/213735\/revisions\/213736"}],"wp:featuredmedia":[{"embeddable":true,"href":"https:\/\/www.cronacaonline.it\/index.php\/wp-json\/wp\/v2\/media\/212144"}],"wp:attachment":[{"href":"https:\/\/www.cronacaonline.it\/index.php\/wp-json\/wp\/v2\/media?parent=213735"}],"wp:term":[{"taxonomy":"category","embeddable":true,"href":"https:\/\/www.cronacaonline.it\/index.php\/wp-json\/wp\/v2\/categories?post=213735"},{"taxonomy":"post_tag","embeddable":true,"href":"https:\/\/www.cronacaonline.it\/index.php\/wp-json\/wp\/v2\/tags?post=213735"}],"curies":[{"name":"wp","href":"https:\/\/api.w.org\/{rel}","templated":true}]}}