{"id":213733,"date":"2021-11-01T08:01:59","date_gmt":"2021-11-01T07:01:59","guid":{"rendered":"https:\/\/www.cronacaonline.it\/?p=213733"},"modified":"2021-11-01T08:02:01","modified_gmt":"2021-11-01T07:02:01","slug":"concluso-il-g20-a-roma-con-pochi-risultati-draghi-tetto-a-15c-e-stato-un-successo-ce-limpegno-di-tutti-i-paesi","status":"publish","type":"post","link":"https:\/\/www.cronacaonline.it\/index.php\/2021\/11\/01\/concluso-il-g20-a-roma-con-pochi-risultati-draghi-tetto-a-15c-e-stato-un-successo-ce-limpegno-di-tutti-i-paesi\/","title":{"rendered":"Concluso il G20 a Roma con pochi risultati, Draghi: &#8220;Tetto a 1,5\u00b0C \u00e8 stato un successo, c&#8217;\u00e8 l&#8217;impegno di tutti i Paesi&#8221;."},"content":{"rendered":"\n<p>Roma, 1 Nov 2021 - \"Il G20 \u00e8 stato un successo, ma non \u00e8 stato facile raggiungere questo accordo\".\u00a0\u00c8 diretto il premier Mario Draghi, alla conferenza stampa finale del G20 di Roma, nel suo giudizio sul summit appena concluso.<\/p>\n\n\n\n<p>\"Dobbiamo essere grati soprattutto agli sherpa, che&nbsp;hanno lavorato ai testi che poi sono stati approvati\".&nbsp;Quelle del \"Covid, clima, salute,&nbsp;diseguaglianze\" sono \"sfide epocali e esistenziali\" che abbiamo&nbsp;davanti o che abbiamo affrontato.&nbsp;\"Ci si \u00e8 resi conto che senza cooperare non si&nbsp;arriva da nessuna parte. La forma di cooperazione che sentiamo&nbsp;pi\u00f9 affine \u00e8 il multilateralismo, questo perch\u00e9 esistono delle&nbsp;regole. Alcune regole vanno cambiate, ma va fatto insieme\".<\/p>\n\n\n\n<p>\"Per la prima volta i Paesi del G20 si sono impegnati&nbsp;a mantenere l'obiettivo di contenere il riscaldamento in 1,5 gradi con una serie&nbsp;di azioni. Per la prima volta tutti i Paesi del G20 riconoscono la validit\u00e0&nbsp;scientifica della necessit\u00e0 di mantenere il riscaldamento in 1,5 gradi e si&nbsp;impegnano con un linguaggio abbastanza significativo a raggiungere o comunque&nbsp;non perdere di vista questo obiettivo\".<\/p>\n\n\n\n<p>\"Abbiamo gettato le basi per una&nbsp;ripresa pi\u00f9 equa e trovato i nuovi modi per sostenere i paesi&nbsp;nel mondo, 609 miliardi sulla base dei diritti speciali di&nbsp;prelievo sono dedicati per la prima volta ai paesi pi\u00f9&nbsp;vulnerabili\".<\/p>\n\n\n\n<p>\"Siamo orgogliosi di questo risultato, ma siamo&nbsp;solo all'inizio, serve un\u2019azione pi\u00f9 forte di quella intrapresa&nbsp;finora\". \"Siamo riusciti a&nbsp;mantenere vivi i nostri sogni, impegnarci a ulteriori&nbsp;provvedimenti, stanziamenti giganteschi, ulteriori promesse di&nbsp;riduzione, e questo \u00e8 un successo visto che negli ultimi mesi,&nbsp;soprattutto i paesi emergenti, sembrava non avessero intenzione di&nbsp;mantenere impegni\", ha aggiunto il premier.<\/p>\n\n\n\n<p>Sul clima \"il senso di urgenza c'\u00e8 da parte di&nbsp;tutti, complessivamente c'\u00e8 un impegno a non intraprendere politiche di&nbsp;emissioni che vadano contro il trend che tutti si sono impegnati a osservare&nbsp;fino al 2030. Si spera che questo elemento venga mantenuto. Dopo Parigi sono&nbsp;state fatte tantissime cose significative ma le emissioni sono aumentate, sono&nbsp;tornate a livello pre Covid, c'\u00e8 una certa preoccupazione, bisogna dimostrare&nbsp;credibilit\u00e0 mantenendo gli impegni\".<\/p>\n\n\n\n<p>\"Dalla Cina mi aspettavo un atteggiamento pi\u00f9&nbsp;rigido, se \u00e8 cambiato qualcosa \u00e8 il linguaggio, pi\u00f9 proiettato al futuro e&nbsp;non ancorato al passato. E poi la Cina ha accettato la valenza scientifica di&nbsp;quel grado e mezzo. Non sono impegni facili\".<\/p>\n\n\n\n<p>\"Negli ultimi anni siamo stati poco capaci di&nbsp;lavorare insieme ma \u00e8 cambiato qualcosa: questo vertice mi rende fiducioso&nbsp;sulla capacit\u00e0 che il G20 sembra aver ritrovato di affrontare quelle che&nbsp;abbiamo affrontato a nostre spese come sfide epocali, esistenziali. La sfida&nbsp;della salute, il Covid, le disuguaglianze di genere, reddito e ricchezza e&nbsp;quelle scoperte negli ultimi anni essere sfide che non possiamo risolvere da&nbsp;soli\".<\/p>\n\n\n\n<p>\"L'Italia ha cercato comprendere il punto&nbsp;di vista degli altri, c'era una ragione se gli altri Paesi erano&nbsp;riluttanti a muoversi sul clima. I Paesi in via di sviluppo dicono,&nbsp;voi avete inquinato tanto e ci troviamo in questa situazione per causa&nbsp;vostra. Ma se entriamo in questa lotta nel clima non andiamo da nessuna parte\". Lo ha detto Mario Draghi al termine del G20.<\/p>\n\n\n\n<p>\"Dobbiamo ascoltare il punto di vista degli altri condividendo le&nbsp;ambizioni. Questo ha fatto l'Italia con India, Russia, Cina. Questo \u00e8&nbsp;il ruolo che abbiamo cercato di svolgere, sembra che abbia fatto la&nbsp;differenza. A me sembra di s\u00ec\", ha spiegato il premier.<\/p>\n\n\n\n<p>\"Oggi abbiamo raggiunto un obiettivo importante,&nbsp;mettere fine al finanziamento all'energia a carbone non abbattuta. E anche una&nbsp;qualche forma di impegno non netto, ma molto probabile a fare in modo che siano&nbsp;molto limitate le nuove centrali a carbone. Per la Cina e l'India che abbiamo&nbsp;sentito una maggiore disponibilit\u00e0 a incamminarsi verso questi obiettivi\".<\/p>\n\n\n\n<p>\"Abbiamo una ambizione comune che prima non c'era, \u00e8&nbsp;formulata a vari livelli che devono essere rispettati e mi sembra molto&nbsp;importante che nel lavoro svolto dai ministri delle finanze per la prima volta&nbsp;in un documento o un comunicato del G20 troviamo meccanismi per la fissazione&nbsp;dei prezzi e chiediamo ai vari componenti di agire in conformit\u00e0 dei propri&nbsp;mandati a conseguire questi obiettivi e individuare un mix di policies adeguato&nbsp;per economie con basse emissioni\".<\/p>\n\n\n\n<p>Per Draghi il cambiamento in alcuni Paesi c'\u00e8 stato per la \"consapevolezza\"&nbsp;della situazione e per \"la promessa di aiuto da parte dei paesi pi\u00f9 ricchi\". Su&nbsp;questo, ha concluso, \"sia la Cina che la Russia hanno deciso di cambiare&nbsp;posizione\". I<\/p>\n\n\n\n<p>Il riconoscimento ufficiale e formale&nbsp; del fatto che \"gli impatti del cambiamento climatico a 1,5 C sono molto inferiori rispetto a 2&nbsp;C\" e l'impegno alla riduzione a 1,5 gradi dell'aumento della temperatura&nbsp;rispetto all'era pre industriale attraverso \"azioni e impegni significativi ed&nbsp;efficace da parte di tutti i Paesi, tenendo conto dei diversi approcci\" \u00e8 uno&nbsp;dei punti principali del documento approvato dai leader del G20 a Roma, proprio&nbsp;mentre a Glasgow stanno iniziando i lavori della Cop26 dai quali ci si attendono&nbsp;ulteriori impegni mondiali nella lotta al riscaldamento globale.<\/p>\n\n\n\n<p>Nel documento finale, si conferma anche l'impegno a raggiungere la cosiddetta&nbsp;\"neutralit\u00e0 carbonica\" \"entro la met\u00e0 del secolo o intorno alla met\u00e0 del&nbsp;secolo, tenendo conto di diversi approcci, tra cui l'economia circolare del&nbsp;carbonio, gli sviluppi socioeconomici, economici, tecnologici e di mercato e la&nbsp;promozione delle soluzioni pi\u00f9 efficienti\".<\/p>\n\n\n\n<p>La data precisa&nbsp;del 2050 \u00e8 stata eliminata dal testo, ma il presidente Mario Draghi l'ha&nbsp;comunque evocata durante la conferenza stampa finale.&nbsp;<\/p>\n\n\n\n<p>\"L'Ue ha preso la guida di questo sforzo e ha&nbsp;promesso di dare un miliardo di euro di aiuti per affrontare la&nbsp;crisi umanitaria di proporzioni molto grandi ma che ancora non si&nbsp;percepisce\".<\/p>\n\n\n\n<p>\"\u00c8&nbsp;ovvio ci siano quadranti in cui ci sono tensioni, ma&nbsp;ci sono sempre state, per\u00f2 siamo riusciti a superarle. Non so quale sar\u00e0&nbsp;l'evoluzione, ma anni fa un articolo del Newyorker sulle relazioni Cina-Usa&nbsp;diceva 'Fight- Fight e Talk-talk', \u00e8 quello che succede sempre. Se si mantiene&nbsp;fissa la volont\u00e0 di lavorare insieme, e devo dire che anche nell'ultima&nbsp;assemblea generale dell'Onu, al di sopra delle polemiche, questa volont\u00e0 era&nbsp;molto presente\".<\/p>\n\n\n\n<p>\"L'impegno \u00e8 quello di vaccinare il 40% della&nbsp;popolazione mondiale quest'anno e il 70% anni prossimi. \u00c8 un impegno&nbsp;gigantesco\", ma \"\u00e8 un impegno che \u00e8 stato confermato da tutti\".<\/p>\n\n\n\n<p>\"Si \u00e8 arrivati al superamento della discussione&nbsp;degli anni della presidenza Trump. Ma processo \u00e8 graduale, non tutto viene smantellato improvvisamente. \u00c8 un processo che come per le altre cose non&nbsp;pu\u00f2 che essere graduale. Non \u00e8 che viene smantellato improvvisamente tutto&nbsp;ci\u00f2 che era stato costruito\" negli anni \"dell'unilateralismo\" della presidenza&nbsp;Trump.&nbsp;<\/p>\n","protected":false},"excerpt":{"rendered":"<p>Roma, 1 Nov 2021 &#8211; &#8220;Il G20 \u00e8 stato un successo, ma non \u00e8 stato facile raggiungere questo accordo&#8221;.\u00a0\u00c8 diretto il premier Mario Draghi, alla&#8230;<\/p>\n","protected":false},"author":2,"featured_media":213691,"comment_status":"closed","ping_status":"open","sticky":false,"template":"","format":"standard","meta":[],"categories":[49,50],"tags":[],"_links":{"self":[{"href":"https:\/\/www.cronacaonline.it\/index.php\/wp-json\/wp\/v2\/posts\/213733"}],"collection":[{"href":"https:\/\/www.cronacaonline.it\/index.php\/wp-json\/wp\/v2\/posts"}],"about":[{"href":"https:\/\/www.cronacaonline.it\/index.php\/wp-json\/wp\/v2\/types\/post"}],"author":[{"embeddable":true,"href":"https:\/\/www.cronacaonline.it\/index.php\/wp-json\/wp\/v2\/users\/2"}],"replies":[{"embeddable":true,"href":"https:\/\/www.cronacaonline.it\/index.php\/wp-json\/wp\/v2\/comments?post=213733"}],"version-history":[{"count":1,"href":"https:\/\/www.cronacaonline.it\/index.php\/wp-json\/wp\/v2\/posts\/213733\/revisions"}],"predecessor-version":[{"id":213734,"href":"https:\/\/www.cronacaonline.it\/index.php\/wp-json\/wp\/v2\/posts\/213733\/revisions\/213734"}],"wp:featuredmedia":[{"embeddable":true,"href":"https:\/\/www.cronacaonline.it\/index.php\/wp-json\/wp\/v2\/media\/213691"}],"wp:attachment":[{"href":"https:\/\/www.cronacaonline.it\/index.php\/wp-json\/wp\/v2\/media?parent=213733"}],"wp:term":[{"taxonomy":"category","embeddable":true,"href":"https:\/\/www.cronacaonline.it\/index.php\/wp-json\/wp\/v2\/categories?post=213733"},{"taxonomy":"post_tag","embeddable":true,"href":"https:\/\/www.cronacaonline.it\/index.php\/wp-json\/wp\/v2\/tags?post=213733"}],"curies":[{"name":"wp","href":"https:\/\/api.w.org\/{rel}","templated":true}]}}