{"id":213723,"date":"2021-10-31T11:18:11","date_gmt":"2021-10-31T10:18:11","guid":{"rendered":"https:\/\/www.cronacaonline.it\/?p=213723"},"modified":"2021-10-31T11:18:12","modified_gmt":"2021-10-31T10:18:12","slug":"seconda-giornata-del-g20-i-leader-del-mondo-a-fontana-di-trevi-e-oggi-al-lavoro-per-azione-contro-crisi-climatica","status":"publish","type":"post","link":"https:\/\/www.cronacaonline.it\/index.php\/2021\/10\/31\/seconda-giornata-del-g20-i-leader-del-mondo-a-fontana-di-trevi-e-oggi-al-lavoro-per-azione-contro-crisi-climatica\/","title":{"rendered":"Seconda giornata del G20. I leader del mondo a Fontana di Trevi e oggi al lavoro per azione contro crisi climatica."},"content":{"rendered":"\n<p>Roma, 31 Ott 2021 - Dobbiamo agire \"rapidamente per\u00a0evitare conseguenze disastrose sul clima. Bisogna tagliare emissioni o ci saranno conseguenze disastrose sul clima\". Cos\u00ec il\u00a0premier Mario Draghi al panel sul \"Ruolo del settore\u00a0privato nella lotta ai cambiamenti climatici\", che apre la\u00a0seconda giornata del G20. Poi aggiunge: \"La presidenza italiana del G20 vuole\u00a0spingere la crescita economica e renderla pi\u00f9 sostenibile: lo\u00a0dobbiamo ai cittadini, al pianeta e alle future generazioni\". Il premier italiano inoltre risponde ad un quesito:\u00a0\"Qualcuno di noi chiede perch\u00e9 spostiamo il nostro\u00a0obiettivo da 2 a 1,5 gradi? Perch\u00e9 lo dice la scienza, dobbiamo ascoltare gli\u00a0allarmi che vengono dalla comunit\u00e0 scientifica\".<\/p>\n\n\n\n<p>\u00c8 arrivato il momento di \"tradurre le parole in&nbsp;azioni concrete, efficaci\" per contrastare il riscaldamento globale ha detto a sua volta&nbsp;il principe Carlo d'Inghilterra. \"La sfida climatica \u00e8 enorme. C'\u00e8 molto&nbsp;in gioco. \u00c8 giunto momento di mettere da parte le nostre differenze e cogliere&nbsp;opportunit\u00e0 per rilanciare una rinascita verde e credere nella ripresa\", ha&nbsp;aggiunto il principe Carlo.&nbsp;\"Il settore privato \u00e8 pronto a collaborare con voi e svolgere un ruolo&nbsp;significativo per cambiare le regole del gioco\", ha spiegato Carlo.<\/p>\n\n\n\n<p>Anche oggi il primo ministro britannico, Boris Johnson,&nbsp;ha iniziato la giornata immergendosi tra le rovine di Roma antica. Dopo&nbsp;l'apparizione al Colosseo di ieri mattina, Johnson stamane si \u00e8 concesso una&nbsp;visita privata all'alba ai Fori Imperiali, si apprende da fonti diplomatiche,&nbsp;per poi raggiungere gli altri leader alla Fontana di Trevi. Johnson ha un profondo legame con la cultura classica che risale agli studi di&nbsp;Lettere Classiche a Oxford e a volte condisce i suoi discorsi con citazioni in&nbsp;greco e in latino. Quando era primo cittadino di Londra, Johnson si sforz\u00f2 di&nbsp;promuovere gli studi classici nelle scuole pubbliche. Nel 2006, prima di&nbsp;diventare sindaco della capitale britannica, era apparso vestito con una toga&nbsp;per protestare contro l'eliminazione di tali discipline dai programmi scolastici.<\/p>\n\n\n\n<p>Seconda giornata del vertice G20, dunque. Giornata che vede al centro delle sessioni, che dovrebbero concludersi attorno alle 15.40, quando \u00e8 prevista una conferenza stampa del premier Mario Draghi,&nbsp;il \"dossier clima\". I lavori sono ripresi alle 10.30 sempre alla Nuvola di Fuksas. Sempre nello stesso orario si tiene un evento a latere sul \"Ruolo del settore privato nella lotta ai cambiamenti climatici\", alla presenza del principe Carlo d'Inghilterra.&nbsp;<\/p>\n\n\n\n<p>Sar\u00e0 una giornata non priva di ostacoli viste le distanze che rimangono sull'accordo&nbsp;per la lotta al cambiamento climatico, che ieri, nella prima giornata del vertice, ha visto gli sherpa delle varie&nbsp;delegazioni impegnati in una maratona negoziale notturna alla ricerca di un&nbsp;compromesso che non mini in partenza l'avvio della Cop 26 di Glasgow. La cancelliera tedesca, Angela Merkel, ha conversato a lungo con il primo&nbsp;ministro britannico, Boris Johnson, con il quale oggi \u00e8 previsto abbia un&nbsp;vertice bilaterale. Ai due si \u00e8 poi aggiunto il direttore generale&nbsp;dell'Organizzazione Mondiale per la Sanit\u00e0, Tedros Adhanom Ghebreyesus, la cui&nbsp;conferma al vertice dell'agenzia Onu appare ormai scontata.<\/p>\n\n\n\n<p>Il Presidente francese Emmanuel Macron in una intervista a 'Journal De Dimanche' ha sottolineato che \"nelle ultime ore alcuni minacciavano la defezione. Ma c'\u00e8 stato un lavoro diplomatico di due anno. E la cooperazione tra l'Europa, gli Usa e la Cina \u00e8 stata assolutamente essenziale. \u00c8 il momento a Roma di fare il massimo affinch\u00e9 i membri del G20 contribuiscano in modo utile alla Cop26 di Glasgow\". \"Nulla \u00e8 mai scritto prima di una Cop\" ha aggiunto.<\/p>\n\n\n\n<p>Dobbiamo agire \"rapidamente per&nbsp;evitare conseguenze disastrose\" sul clima\". Lo ha detto il&nbsp;premier Mario Draghi, aprendo un evento a latere del G20 sul&nbsp;\"Ruolo del settore privato nella lotta ai cambiamenti&nbsp;climatici\", alla presenza del principe Carlo d'Inghilterra.<\/p>\n\n\n\n<p>Trattative tecniche nel corso della notte, a Roma, a&nbsp;margine dei lavori del G20, tra gli sherpa Usa e quelli della Commissione&nbsp;europea, sull'accordo per rimuovere dazi e rappresaglie su acciaio e alluminio&nbsp;tra i due giganti economici. L'intesa di massima \u00e8 trapelata ieri dai capi&nbsp;delegazione Usa ed \u00e8 stata rilanciata dal vicepresidente della Commissione&nbsp;europea, Valdis Dombrovskis che ha anticipato che oggi l'annuncio formale&nbsp;arriver\u00e0 dal presidente Usa Joe Biden e dalla presidente della Commissione&nbsp;Ursula von der Leyen.<\/p>\n\n\n\n<p>Il presidente del Consiglio, Mario Draghi ha rilevato come l'intesa confermi le&nbsp;gi\u00e0 strette relazioni transatlantiche e il progressivo superamento del&nbsp;protezionismo degli scorsi anni, auspicando che sia un primo passo verso&nbsp;un'ulteriore apertura degli scambi tra Ue e Usa.&nbsp;Il commercio e gli scambi internazionali sono settori su cui la Commissione&nbsp;europea (la delega spetta proprio a Dombrovskis) tratta in prima battuta per&nbsp;conto di tutti i Paesi dell'Unione.<\/p>\n\n\n\n<p>In corso, secondo quanto si apprende,&nbsp;vertice tra il presidente Usa Joe Biden e il presidente turco Recep Tayyip Erdogan a margine del summit G20 a Roma.&nbsp;Al centro del colloquio le consegne di F-16 ad&nbsp;Ankara come compensazione per l'esclusione della Turchia dal programma F-35 in&nbsp;seguito all'acquisto di sistemi di difesa antiaerea russi.<\/p>\n\n\n\n<p>Vertice bilaterale tra il primo ministro&nbsp;britannico, Boris Johnson, e il presidente francese, Emmanuel Macron, uno dei&nbsp;pi\u00f9 delicati del G20. Lo si apprende da fonti diplomatiche.I rapporti tra Londra e Parigi si sono fortemente deteriorati per via dello&nbsp;scontro sulla pesca e sul contrasto all'immigrazione nel Canale della Manica,&nbsp;nonch\u00e9 per la polemica sull'alleanza anti-cinese 'Aukus' tra Usa, Regno Unito e&nbsp;Australia, della quale il ministro degli Esteri francese, Jacques Le Drian,&nbsp;bollo' Johnson come \"ruota di scorta\".&nbsp;<\/p>\n\n\n\n<p>Ieri il ministro per la Brexit, David Frost, aveva&nbsp;affermato che il governo britannico sta valutando un'iniziativa legale dopo le&nbsp;minacce del premier francese, Jean Castex, sul blocco dell'accesso dei&nbsp;pescherecci britannici ai porti francesi. Castex ha affermato che lo stop verr\u00e0&nbsp;attuato se entro marted\u00ec prossimo non verranno concesse le licenze di pesca&nbsp;alle decine di imbarcazioni francesi che se le sono viste negare nelle acque del&nbsp;Regno Unito. Johnson ha stigmatizzato le minacce francesi nel suo incontro di&nbsp;ieri con la presidente della Commissione Europea, Ursula von der Leyen. Londra&nbsp;ha ricordato che i pescherecci francesi che non hanno ottenuto la licenza sono&nbsp;appena il 2% del totale. A far esplodere la tensione \u00e8 stata la lettera di Castex a Von der Leyen nella&nbsp;quale il premier francese esortava Bruxelles a \"dimostrare che lasciare l'Unione&nbsp;Europea \u00e8 pi\u00f9 dannoso di rimanervi\". Frost ha descritto il linguaggio di&nbsp;Castex \"molto problematico\" e ha accusato Parigi di violare gli accordi&nbsp;successivi alla Brexit.<\/p>\n\n\n\n<p>Vertici bilaterali sono in programma anche per il premier italiano Mario Draghi: alle 13.10 quello con l primo ministro del Canada, Justin Trudeau e, a&nbsp;seguire, quello con il ministro degli Affari Esteri della Repubblica popolare&nbsp;cinese, Wang Yi. Il primo ministro canadese sar\u00e0 impegnato anche in colloqui con&nbsp;il presidente della Commissione&nbsp;Ue, Ursula von der Leyen e&nbsp;il presidente dell'Argentina, Alberto Fern\u00e1ndez&nbsp;prima di recarsi direttamente in Scozia in vista&nbsp;dell'apertura della Cop26 a Glasgow.<\/p>\n\n\n\n<p>\"Non si possono negare i cambiamenti&nbsp;climatici. E l'azione climatica non pu\u00f2 ritardare. Con i nostri partner dobbiamo affrontare questa crisi mondiale con tutta l'urgenza&nbsp;che necessita e con ambizione. \u00c8 l'obiettivo del G20\". Ad affermarlo&nbsp;in un tweet \u00e8 il premier canadese, Justin Trudeau.<\/p>\n\n\n\n<p>\"La transizione ecologica per avere successo deve&nbsp;anche essere giusta, proteggere i cittadini\". Cos\u00ec Pedro Sanchez, presidente&nbsp;del governo spagnolo, spiega la ricetta di Madrid nella sfida ai cambiamenti&nbsp;climatici in un'intervista a Repubblica.<\/p>\n\n\n\n<p>\"Il summit del G20 \u00e8 un foro strategico per affrontare la ricostruzione dopo la&nbsp;pandemia - prosegue Sanchez - ma \u00e8 cruciale che ci\u00f2 avvenga facendo attenzione&nbsp;ai diritti degli individui, dal cyber alla Salute\". \u00c8 un approccio che \"va&nbsp;incontro ai cambiamenti in atto\" e pu\u00f2 distinguere le \"forze socialdemocratiche&nbsp;in Nord America come in Europa\". Il premier parla anche di difesa europea, nuove&nbsp;intese sull'immigrazione e riforma del Patto di stabilit\u00e0: \"Italia e Spagna&nbsp;possono essere il motore del cambiamento in Europa\".<\/p>\n\n\n\n<p>Crede nella possibilit\u00e0 di un accordo sul clima&nbsp;con russi e cinesi? \"\u00c8 sempre difficile soddisfare tutti gli interessi in un&nbsp;tema cos\u00ec importante, ma la scienza ci sta allertando sulle gravi conseguenze&nbsp;dell'emergenza climatica. Non c'\u00e8 alternativa: abbiamo il dovere e l'obbligo di&nbsp;arrivare a un accordo\", risponde Sanchez.<\/p>\n\n\n\n<p>\"La Spagna ha coniato il termine di \u201ctransizione&nbsp;ecologica giusta\u201d, perch\u00e9 senza giustizia sociale non ci pu\u00f2 essere una&nbsp;transizione appoggiata dall\u2019insieme della societ\u00e0, che si deve sentire&nbsp;protagonista. Se non c\u2019\u00e8 un cambiamento di abitudini nel consumo, o nella&nbsp;mobilit\u00e0, come potremmo affrontare una simile sfida? Ma sono importanti anche i&nbsp;cambiamenti legislativi, che offrono un segnale chiaro all\u2019industria. Pensiamo&nbsp;a quella automobilistica: si invia un segnale dell\u2019orizzonte che si prospetta&nbsp;per una transizione verso veicoli ibridi plug-in ed elettrici\", dice Sanchez.<\/p>\n\n\n\n<p>\"Io nutro grosse speranze per l'Europa, e per&nbsp;l'Italia in particolare: al vostro Paese tocca in sorte di essere il maggior&nbsp;beneficiario dei fondi europei post-pandemia, e perci\u00f2 deve assumere un ruolo&nbsp;guida in questa cruciale transizione. Si tratta di trainare l'intero Sud Europa&nbsp;su livelli di vita pari a quelli del Nord. Sono sicuro che sarete all'altezza&nbsp;della sfida. Del resto, un ammontare di fondi di questa portata non lo vedrete&nbsp;mai pi\u00f9, e se l'Italia non sar\u00e0 in grado di gestirli efficacemente potr\u00e0&nbsp;dimenticarsi il suo status di grande Paese industriale\". Cos\u00ec l'economista&nbsp;Jeremy Rifkin, in una intervista a Repubblica.<\/p>\n\n\n\n<p>\"Se parliamo della parte espressamente dedicata alla transizione ecologica e&nbsp;digitale, \u00e8 per ora quello europeo: quasi due terzi dell'intero NextGenEU da&nbsp;750 miliardi\", aggiunge.&nbsp;Perch\u00e9 mette nello stesso \"pacchetto\" la&nbsp;transizione ambientale e quella digitale? \"Sono strettamente legate - risponde&nbsp;Rifkin - Grazie alla nuova generazione del web potranno nascere le citt\u00e0 del&nbsp;futuro, dove tutti i servizi saranno interconnessi compresi i trasporti privati,&nbsp;con enormi risparmi energetici nonch\u00e9 di emissioni. Su una rete intelligente&nbsp;viagger\u00e0 l'energia elettrica in tutto il Paese, un domani anche le risorse&nbsp;idriche e perch\u00e9 no in futuro sar\u00e0 possibile un interscambio non solo fra uno&nbsp;Stato e l'altro ma anche fra i continenti, ancora una volta con straordinarie&nbsp;razionalizzazioni nella distribuzione e nella compensazione dei momenti di&nbsp;necessit\u00e0\".<\/p>\n\n\n\n<p>\"Relazioni bilaterali, intensificazione&nbsp;del dialogo e cooperazione in materia di transizione energetica e&nbsp;situazione afghana. Questi i temi al centro di un incontro&nbsp;bilaterale tra il ministro degli Affari esteri e della&nbsp;cooperazione internazionale, Luigi Di Maio, e l'omologo indiano&nbsp;S. Jaishankar, che si \u00e8 tenuto a margine del G20 in corso a Roma.&nbsp;Lo si apprende da un tweet della Farnesina.<\/p>\n","protected":false},"excerpt":{"rendered":"<p>Roma, 31 Ott 2021 &#8211; Dobbiamo agire &#8220;rapidamente per\u00a0evitare conseguenze disastrose sul clima. Bisogna tagliare emissioni o ci saranno conseguenze disastrose sul clima&#8221;. Cos\u00ec il\u00a0premier&#8230;<\/p>\n","protected":false},"author":2,"featured_media":213717,"comment_status":"closed","ping_status":"open","sticky":false,"template":"","format":"standard","meta":[],"categories":[49,50],"tags":[],"_links":{"self":[{"href":"https:\/\/www.cronacaonline.it\/index.php\/wp-json\/wp\/v2\/posts\/213723"}],"collection":[{"href":"https:\/\/www.cronacaonline.it\/index.php\/wp-json\/wp\/v2\/posts"}],"about":[{"href":"https:\/\/www.cronacaonline.it\/index.php\/wp-json\/wp\/v2\/types\/post"}],"author":[{"embeddable":true,"href":"https:\/\/www.cronacaonline.it\/index.php\/wp-json\/wp\/v2\/users\/2"}],"replies":[{"embeddable":true,"href":"https:\/\/www.cronacaonline.it\/index.php\/wp-json\/wp\/v2\/comments?post=213723"}],"version-history":[{"count":1,"href":"https:\/\/www.cronacaonline.it\/index.php\/wp-json\/wp\/v2\/posts\/213723\/revisions"}],"predecessor-version":[{"id":213724,"href":"https:\/\/www.cronacaonline.it\/index.php\/wp-json\/wp\/v2\/posts\/213723\/revisions\/213724"}],"wp:featuredmedia":[{"embeddable":true,"href":"https:\/\/www.cronacaonline.it\/index.php\/wp-json\/wp\/v2\/media\/213717"}],"wp:attachment":[{"href":"https:\/\/www.cronacaonline.it\/index.php\/wp-json\/wp\/v2\/media?parent=213723"}],"wp:term":[{"taxonomy":"category","embeddable":true,"href":"https:\/\/www.cronacaonline.it\/index.php\/wp-json\/wp\/v2\/categories?post=213723"},{"taxonomy":"post_tag","embeddable":true,"href":"https:\/\/www.cronacaonline.it\/index.php\/wp-json\/wp\/v2\/tags?post=213723"}],"curies":[{"name":"wp","href":"https:\/\/api.w.org\/{rel}","templated":true}]}}