{"id":213713,"date":"2021-10-30T18:54:43","date_gmt":"2021-10-30T16:54:43","guid":{"rendered":"https:\/\/www.cronacaonline.it\/?p=213713"},"modified":"2021-10-30T18:54:44","modified_gmt":"2021-10-30T16:54:44","slug":"coronavirus-in-italia-tra-ieri-e-oggi-sono-stati-rilevati-4-878-nuovi-casi-con-477-352-tamponi-e-37-morti-positivita-all1","status":"publish","type":"post","link":"https:\/\/www.cronacaonline.it\/index.php\/2021\/10\/30\/coronavirus-in-italia-tra-ieri-e-oggi-sono-stati-rilevati-4-878-nuovi-casi-con-477-352-tamponi-e-37-morti-positivita-all1\/","title":{"rendered":"Coronavirus, in Italia tra ieri e oggi sono stati rilevati 4.878 nuovi casi con 477.352 tamponi e 37 morti. Positivit\u00e0 all&#8217;1%."},"content":{"rendered":"\n<p>Roma, 30 Ott 2021 \u2013 I dati sulla pandemia in Italia.\u00a0Oggi si registrano 4.878 nuovi casi con 477.352 tamponi e 37 morti. Indice di positivit\u00e0 all'1%. Ieri\u00a05.335 casi con 474.778 tamponi (tasso a 1,1%) e 33 morti.<\/p>\n\n\n\n<p>Il bilancio totale sale a 132.074 vittime dall'inizio dell'epidemia. Oggi sono in calo le terapie intensive, 3 in meno (ieri +2) con 20 ingressi del giorno, e scendono a 346, mentre i ricoveri ordinari sono 49 in pi\u00f9 (come ieri), e arrivano a 2.707.<\/p>\n\n\n\n<p>In Campania si registrano&nbsp;629 nuovi positivi e un decesso. In Lombardia ci sono 574 nuovi contagi e 3 morti. Nel Lazio 538 nuovi casi e 8 decessi. In Veneto&nbsp;532 contagi e 4 decessi.&nbsp;In Emilia Romagna 409 nuovi casi e 5 morti.&nbsp;In Toscana 287 nuovi positivi e altri 2 morti. In Sicilia 285 nuovi positivi e 3 morti. In Piemonte 1 morto e 281 positivi. In Friuli Venezia Giulia 249 nuove positivit\u00e0 al Covid-19 e tre decessi. In Puglia 201 nuovi casi e 2 decessi. In Alto Adige 168 casi e un decesso. In Calabria 167 nuovi casi. Nelle&nbsp;Marche 128 nuovi casi e 2 vittime. In Abruzzo 83 nuovi positivi&nbsp;e un decesso.<\/p>\n\n\n\n<p>Nuova ordinanza anti Covid del presidente della Regione Campania, Vincenzo De Luca. Il governatore ha firmato un nuovo provvedimento contenente la \"Proroga delle misure disposte con l'Ordinanza regionale 25 del 30 settembre 2021\". Fatta salva l'adozione di ulteriori provvedimenti in conseguenza dell'evoluzione della situazione epidemiologica, su tutto il territorio regionale, dalla data dell'1 novembre e fino al 31 dicembre 2021 - si legge nell'ordinanza -, sono prorogate le disposizioni di cui al precedente provvedimento. In particolare, dalle ore 22 e fino alle ore 6 \u00e8 fatto divieto di consumo di bevande alcoliche, di qualsiasi gradazione, nelle aree pubbliche ed aperte al pubblico, ivi compresi gli spazi antistanti gli esercizi commerciali, le piazze, le ville e i parchi comunali; sono comunque vietati affollamenti o assembramenti per il consumo di qualsiasi genere alimentare in luoghi pubblici o aperti al pubblico. Inoltre, \u00e8 fatta raccomandazione ai Comuni e alle altre Autorit\u00e0 competenti di intensificare la vigilanza e i controlli sul rispetto del divieto di assembramenti, in particolare nelle zone ed orari della vita notturna. Fatte salve le disposizioni che impongono l'obbligo di utilizzo dei dispositivi di protezione delle vie respiratorie nei luoghi al chiuso, tale obbligo resta fermo, anche&nbsp;all'esterno, ove si configurino assembramenti o affollamenti e in ogni situazione in cui non possa essere comunque garantito il distanziamento interpersonale. L'utilizzo dei dispositivi resta pertanto obbligatorio, sul territorio regionale, in ogni luogo non isolato - ad esempio nei centri urbani, nelle piazze, sui lungomari nelle ore e situazioni di affollamento - nonch\u00e9 nelle file, code, mercati o fiere ed altri eventi, anche all'aperto, nonch\u00e9 nei contesti di trasporto pubblico all'aperto.<\/p>\n\n\n\n<p>\"Sto valutando se \u00e8 possibile emanare un'ordinanza di divieto di assembramento, perch\u00e9 se torniamo in zona gialla \u00e8 un disastro per la citt\u00e0\". Cos\u00ec il sindaco di Trieste Roberto Dipiazza, preoccupato per l'aumento di contagi da Covid registrati in citt\u00e0, molti dei quali collegati alle manifestazioni no Green pass di queste ultime settimane. \"Premesso il diritto di manifestare garantito dalla Costituzione - ha precisato Dipiazza - c'\u00e8 il problema dei contagi. Se la posso fare questa ordinanza la far\u00f2\" con \"il divieto di assembramento\". Ora \"devo verificare con gli uffici e la Prefettura\".<\/p>\n","protected":false},"excerpt":{"rendered":"<p>Roma, 30 Ott 2021 \u2013 I dati sulla pandemia in Italia.\u00a0Oggi si registrano 4.878 nuovi casi con 477.352 tamponi e 37 morti. Indice di positivit\u00e0&#8230;<\/p>\n","protected":false},"author":2,"featured_media":213688,"comment_status":"closed","ping_status":"open","sticky":false,"template":"","format":"standard","meta":[],"categories":[49,51],"tags":[],"_links":{"self":[{"href":"https:\/\/www.cronacaonline.it\/index.php\/wp-json\/wp\/v2\/posts\/213713"}],"collection":[{"href":"https:\/\/www.cronacaonline.it\/index.php\/wp-json\/wp\/v2\/posts"}],"about":[{"href":"https:\/\/www.cronacaonline.it\/index.php\/wp-json\/wp\/v2\/types\/post"}],"author":[{"embeddable":true,"href":"https:\/\/www.cronacaonline.it\/index.php\/wp-json\/wp\/v2\/users\/2"}],"replies":[{"embeddable":true,"href":"https:\/\/www.cronacaonline.it\/index.php\/wp-json\/wp\/v2\/comments?post=213713"}],"version-history":[{"count":1,"href":"https:\/\/www.cronacaonline.it\/index.php\/wp-json\/wp\/v2\/posts\/213713\/revisions"}],"predecessor-version":[{"id":213714,"href":"https:\/\/www.cronacaonline.it\/index.php\/wp-json\/wp\/v2\/posts\/213713\/revisions\/213714"}],"wp:featuredmedia":[{"embeddable":true,"href":"https:\/\/www.cronacaonline.it\/index.php\/wp-json\/wp\/v2\/media\/213688"}],"wp:attachment":[{"href":"https:\/\/www.cronacaonline.it\/index.php\/wp-json\/wp\/v2\/media?parent=213713"}],"wp:term":[{"taxonomy":"category","embeddable":true,"href":"https:\/\/www.cronacaonline.it\/index.php\/wp-json\/wp\/v2\/categories?post=213713"},{"taxonomy":"post_tag","embeddable":true,"href":"https:\/\/www.cronacaonline.it\/index.php\/wp-json\/wp\/v2\/tags?post=213713"}],"curies":[{"name":"wp","href":"https:\/\/api.w.org\/{rel}","templated":true}]}}