{"id":213674,"date":"2021-10-29T18:04:30","date_gmt":"2021-10-29T16:04:30","guid":{"rendered":"https:\/\/www.cronacaonline.it\/?p=213674"},"modified":"2021-10-29T18:04:31","modified_gmt":"2021-10-29T16:04:31","slug":"coronavirus-in-italia-da-ieri-sono-stati-rilevati-5-335-nuovi-casi-con-474-778-tamponi-e-33-morti-tasso-di-positivita-sale-all11","status":"publish","type":"post","link":"https:\/\/www.cronacaonline.it\/index.php\/2021\/10\/29\/coronavirus-in-italia-da-ieri-sono-stati-rilevati-5-335-nuovi-casi-con-474-778-tamponi-e-33-morti-tasso-di-positivita-sale-all11\/","title":{"rendered":"Coronavirus, in Italia da ieri sono stati rilevati 5.335 nuovi casi con 474.778 tamponi e 33 morti. Tasso di positivit\u00e0 sale all&#8217;1,1%."},"content":{"rendered":"\n<p>Roma, 29 Ott 2021 - I dati sulla pandemia in Italia.\u00a0Oggi si registrano 5.335 nuovi casi con 474.778 tamponi e 33 morti.\u00a0Il tasso di positivit\u00e0 \u00e8 all'1,1%, in aumento rispetto allo 0,85% di ieri.<\/p>\n\n\n\n<p>Gli attualmente positivi sono in tutto 78.644, c'\u00e8 un incremento di&nbsp;1.866 casi da ieri.&nbsp;I casi totali sono 4.762.563. I guariti sono 3.433 (ieri 3.400) per un totale di 4.551.882.<\/p>\n\n\n\n<p>Sono 349 i pazienti ricoverati in terapia intensiva per il Covid in Italia, 2 in pi\u00f9 rispetto a ieri nel saldo tra entrate e uscite. Gli ingressi giornalieri sono 18 (ieri 32). I ricoverati con sintomi nei reparti ordinari sono 2.658, 49 in pi\u00f9 di ieri.&nbsp; Ieri si sono registrati 4.866 positivi con 570.335 tamponi&nbsp;(tasso a 0,85%) e 50 vittime.<\/p>\n\n\n\n<p>In Campania si registra il numero pi\u00f9 alto di nuovi casi: nelle ultime 24 ore 654 positivi al Coronavirus e 5 decessi. La Campania \u00e8 seguita da&nbsp;seguita da Lazio (+583), Veneto (+523) e Lombardia (+510).<\/p>\n\n\n\n<p>Intanto, una circolare firmata dal direttore della prevenzione del ministero della Salute Gianni Rezza, detta l'utilizzo del vaccino Moderna come dose \"booster\" nell'ambito della campagna di vaccinazione anti Sars-Cov-2\/Covid-19, cos\u00ec come indicato in un parere dell'Aifa di ieri.&nbsp;La dose \"booster\" del vaccino Spikevax pu\u00f2 essere utilizzata dopo almeno sei mesi dal completamento del ciclo vaccinale primario, indipendentemente dal vaccino precedentemente utilizzato.&nbsp;La Commissione Tecnico Scientifica (Cts) di Aifa, preso atto della decisione di Ema (Agenzia europea dei medicinali) aveva ribadito che, \"come gi\u00e0 stabilito per la dose booster di Pfizer, tale opportunit\u00e0 dovrebbe essere offerta in via prioritaria ai soggetti gi\u00e0 indicati per il vaccino Comirnaty (Pfizer)\". La dose booster del vaccino Spikevax sar\u00e0 inoltre inserita nell'elenco di cui alla Legge 648\/96 per consentirne l'uso eterologo.<\/p>\n","protected":false},"excerpt":{"rendered":"<p>Roma, 29 Ott 2021 &#8211; I dati sulla pandemia in Italia.\u00a0Oggi si registrano 5.335 nuovi casi con 474.778 tamponi e 33 morti.\u00a0Il tasso di positivit\u00e0&#8230;<\/p>\n","protected":false},"author":2,"featured_media":209023,"comment_status":"closed","ping_status":"open","sticky":false,"template":"","format":"standard","meta":[],"categories":[49,51],"tags":[],"_links":{"self":[{"href":"https:\/\/www.cronacaonline.it\/index.php\/wp-json\/wp\/v2\/posts\/213674"}],"collection":[{"href":"https:\/\/www.cronacaonline.it\/index.php\/wp-json\/wp\/v2\/posts"}],"about":[{"href":"https:\/\/www.cronacaonline.it\/index.php\/wp-json\/wp\/v2\/types\/post"}],"author":[{"embeddable":true,"href":"https:\/\/www.cronacaonline.it\/index.php\/wp-json\/wp\/v2\/users\/2"}],"replies":[{"embeddable":true,"href":"https:\/\/www.cronacaonline.it\/index.php\/wp-json\/wp\/v2\/comments?post=213674"}],"version-history":[{"count":1,"href":"https:\/\/www.cronacaonline.it\/index.php\/wp-json\/wp\/v2\/posts\/213674\/revisions"}],"predecessor-version":[{"id":213675,"href":"https:\/\/www.cronacaonline.it\/index.php\/wp-json\/wp\/v2\/posts\/213674\/revisions\/213675"}],"wp:featuredmedia":[{"embeddable":true,"href":"https:\/\/www.cronacaonline.it\/index.php\/wp-json\/wp\/v2\/media\/209023"}],"wp:attachment":[{"href":"https:\/\/www.cronacaonline.it\/index.php\/wp-json\/wp\/v2\/media?parent=213674"}],"wp:term":[{"taxonomy":"category","embeddable":true,"href":"https:\/\/www.cronacaonline.it\/index.php\/wp-json\/wp\/v2\/categories?post=213674"},{"taxonomy":"post_tag","embeddable":true,"href":"https:\/\/www.cronacaonline.it\/index.php\/wp-json\/wp\/v2\/tags?post=213674"}],"curies":[{"name":"wp","href":"https:\/\/api.w.org\/{rel}","templated":true}]}}