{"id":213587,"date":"2021-10-28T12:20:46","date_gmt":"2021-10-28T10:20:46","guid":{"rendered":"https:\/\/www.cronacaonline.it\/?p=213587"},"modified":"2021-10-28T12:20:48","modified_gmt":"2021-10-28T10:20:48","slug":"coronavirus-contagi-in-calo-nelle-americhe-risalgono-i-casi-in-india","status":"publish","type":"post","link":"https:\/\/www.cronacaonline.it\/index.php\/2021\/10\/28\/coronavirus-contagi-in-calo-nelle-americhe-risalgono-i-casi-in-india\/","title":{"rendered":"Coronavirus: contagi in calo nelle Americhe, risalgono i casi in India."},"content":{"rendered":"\n<p>Cagliari, 28 Ott 2021 - La pandemia si sta lentamente ritirando dalla maggior parte delle Americhe, dove la scorsa settimana il numero di contagi e di decessi legati al Covid-19 \u00e8 stato il pi\u00f9 basso da pi\u00f9 di un anno a questa parte. Lo ha evidenziato facendo il punto della situazione con la stampa la Pan American Health Organization (PAHO), sezione regionale dell'Oms. \"Abbiamo motivo per essere ottimisti, ma dobbiamo rimanere vigili\", ha sottolineato il vicedirettore della PAHO, Jarbas Barbosa, esortando le autorit\u00e0 ad insistere nell'attuazione dei piani di salute pubblica che prevedono l'uso delle mascherine, il distanziamento sociale e la limitazione degli assembramenti, soprattutto perch\u00e9 molte nazioni stanno ancora lottando per espandere la copertura vaccinale.<\/p>\n\n\n\n<p>Quasi il 44% della popolazione in America Latina e nei Caraibi ha completato la vaccinazione contro il Covid-19, in gran parte grazie alle donazioni, effettuate bilateralmente o attraverso il consorzio Covax, guidato dall'Organizzazione mondiale della sanit\u00e0. \"Oggi, il doppio delle persone in America Latina e nei Caraibi sono completamente vaccinate contro il Covid-19 rispetto ad agosto\", ha specificato Barbosa.<\/p>\n\n\n\n<p>Il ministero della Salute del Cile sta studiando l'eventualit\u00e0 di una applicazione del vaccino contro il Covid-19 per combattere l'epidemia e controllare definitivamente i contagi.&nbsp; &nbsp;Al riguardo la sottosegretaria alla Salute, Paula Daza, ha confermato che \"dobbiamo continuare a osservare l'effetto della terza dose di richiamo, e studiare quanto tempo dopo potrebbe essere necessario aggiungerne una quarta, e a quanto sembra, per quello che sostengono gli esperti e i virologi, questo succeder\u00e0\".<\/p>\n\n\n\n<p>Daza ha sostenuto infine che effettivamente esperti nazionali e internazionali pensano che \"probabilmente avremo bisogno del vaccino contro il Covid-19 almeno una volta all'anno\".<\/p>\n\n\n\n<p>Da parte sua il ministro della Salute cileno, Enrique Paris, ha sostenuto che nel 2022 non si torner\u00e0 allo schema completo applicato quest'anno di due dosi di vaccino pi\u00f9 una terza di richiamo. \"Molto probabilmente - ha concluso - l'ipotesi che si adotter\u00e0 sar\u00e0 quella della somministrazione di una dose di richiamo annuale, simile a quello che si fa per l'influenza\".<\/p>\n\n\n\n<p>Segnali di luce nel buio dell'epidemia a Rio de Janeiro dove da oggi non \u00e8 pi\u00f9 obbligatorio indossare la mascherina all'aperto, come ha annunciato ieri il governatore Claudio Castro. La misura, che segna un importante passo verso la normalizzazione post-Covid, \u00e8 stata resa possibile dall'avanzamento della vaccinazione. \"Renderemo l'uso delle mascherine pi\u00f9 flessibile all'esterno e questo \u00e8 motivo di grande soddisfazione. A pi\u00f9 di un anno e mezzo dalla dichiarazione dello stato di calamit\u00e0 a causa della pandemia, \u00e8 una vittoria importante per tutti\", ha esultato il governatore su Twitter. Le mascherine saranno obbligatorie solo nei luoghi chiusi accessibili al pubblico, \"grazie all'andamento della vaccinazione e al basso tasso di trasmissione\" del Covid-19. Nella citt\u00e0 di Rio potranno riaprire locali notturni e sale da concerto, anche se al 50% della loro capacit\u00e0.<\/p>\n\n\n\n<p>Dal 3 novembre, lo stop alla mascherina all'aperto scatter\u00e0 anche a Brasilia e le autorit\u00e0 di San Paolo, la pi\u00f9 grande metropoli del Paese, stanno pensando di fare lo stesso, ma in questo caso nessuna data \u00e8 stata ancora annunciata. Pi\u00f9 di 68mila persone sono morte a causa del Covid-19 nello stato di Rio de Janeiro, con un tasso di mortalit\u00e0 di 394 decessi ogni 100mila abitanti, ben al di sopra della media nazionale (288 su 100mila). Ma il numero giornaliero delle letalit\u00e0 \u00e8 diminuito drasticamente nelle ultime settimane grazie all'incremento della vaccinazione, con oltre il 65% delle persone che hanno seguito un ciclo d'immunizzazione completo nella citt\u00e0 di Rio.<\/p>\n\n\n\n<p>I numeri dei contagi per\u00f2 restano ancora importanti: secondo l'ultimo bollettino sanitario ieri&nbsp;ci sono stati 433 ulteriori decessi e 17.184 contagi, per un totale ormai giunto a 606.679 vittime e 21.766.168 infezioni dalla comparsa del virus. Contagi in aumento rispetto a quelli dello stesso giorno della scorsa settimana, quando si sono contati 15.610 contagi e 373 vittime.<\/p>\n\n\n\n<p>Tornano a farsi preoccupanti i numeri dell'epidemia di Covid-19 in India, dove nelle ultime 24 ore i contagi quotidiani hanno nuovamente superato la soglia dei 16mila, che non era stata raggiunta da sabato scorso. Per la precisione, a risultare positive sono state 16.156 persone, 2.705 in pi\u00f9 di ieri, che portano il totale dei contagi accertati a 34.231.809. Soprattutto, per\u00f2, torna a farsi davvero pesante il bilancio dei decessi: ben 733 quelli rilevati del ministero della Salute, stando al bilancio da poco pubblicato online. Si tratta di 148 decessi in pi\u00f9 rispetto a ieri. Fino ad oggi, in India il Covid ha ucciso 456.386 persone, il bilancio pi\u00f9 grave al mondo dopo quelli di Stati Uniti e Brasile.<\/p>\n\n\n\n<p>La Russia continua a battere un record dopo l'altro in quanto a morti e contagi da Covid-19:&nbsp;nelle ultime 24 ore sono morte 1.159 persone e 40.096 sono state contagiate dal micidiale virus.<\/p>\n\n\n\n<p>Proprio oggi sono entrate in vigore a Mosca una serie di restrizioni sanitarie per contenere l'epidemia, che in Russia \u00e8 accelerata dal basso tasso di vaccinazione: ristoranti, saloni di bellezza, negozi di abbigliamento o arredamento, palestre, scuole di danza e altri servizi considerati \"non essenziali\" rimarranno chiusi fino al 7 novembre. Secondo Sergei Sobianin, sindaco della capitale, che \u00e8 anche la citt\u00e0 pi\u00f9 colpita, possono aprire solo centri in cui si vendono medicinali, cibo e beni di prima necessit\u00e0.<\/p>\n\n\n\n<p>La Russia ha visto un picco di casi di Covid-19 nelle ultime sei settimane e l'aumento \u00e8 stato del 13,6% in pi\u00f9 la scorsa settimana rispetto alla settimana precedente. Lo ha dichiarato nella tarda serata di ieri il vice primo ministro russo Tatyana Golikova, evidenziando coi numeri la gravissima emergenza sanitaria che il paese sta attraversando. \"Nelle ultime sei settimane - ha detto la Golikova in un incontro sulla vaccinazione di massa con i funzionari regionali - la Federazione Russa ha visto un aumento delle nuove infezioni da coronavirus.<\/p>\n\n\n\n<p>Secondo i risultati della scorsa settimana, il tasso di incidenza \u00e8 stato di 172,1 per 100mila abitanti. \u00c8 il 13,6% in pi\u00f9 rispetto alla settimana precedente\". Fino ad oggi, in Russia sono stati confermati 8.352.601 casi di coronavirus, con 7.242.735 pazienti tornati negativi, anche se una parte non indifferente di questi ha riportato \"strascichi\" importanti dell'infezione. Gli ultimi dati della Russia indicano inoltre 233.898 vittime dalla comparsa del morbo, il bilancio pi\u00f9 alto in Europa e il quinto a livello mondiale alle spalle di Stati Uniti, Brasile, India e Messico.<\/p>\n\n\n\n<p>Il ministero giapponese della Salute nel suo ultimo bollettino aggiornato a ieri ha confermato 312 nuovi casi di coronavirus e sette decessi causati dal virus in tutto il paese. Il numero di pazienti ricoverati in gravi condizioni \u00e8 sceso ancora di 13 rispetto al giorno precedente, attestandosi a 184.&nbsp;Nella capitale Tokyo il governo metropolitano ha riportato 36 nuovi contagi, cifra cinque volte inferiore alla media della settimana precedente e sotto i 50 per l'undicesimo giorno consecutivo.<\/p>\n\n\n\n<p>L'Australia ha consigliato ai suoi cittadini in viaggio all'estero di \"esercitare un alto grado di cautela\" mentre si prepara ad aprire i suoi confini per la prima volta in 19 mesi. Il Dipartimento degli affari esteri e del commercio ha ripristinato i suoi consigli di viaggio per 177 paesi e territori prima che gli australiani completamente vaccinati diventino liberi di viaggiare da luned\u00ec. A nessuna destinazione \u00e8 stata assegnata una valutazione del rischio inferiore all'avvertimento di secondo livello: \"Esercitare un alto grado di cautela\". I viaggi internazionali saranno inizialmente limitati all'aeroporto di Sydney perch\u00e9 il New South Wales ha il pi\u00f9 alto tasso di vaccinazione rispetto agli altri Stati. Oltre l'86% della popolazione dello stato pi\u00f9 popoloso dell'Australia di et\u00e0 pari o superiore a 16 anni \u00e8 completamente vaccinata e oltre il 93% della popolazione ha ricevuto almeno una singola vaccinazione.<\/p>\n\n\n\n<p>Inizialmente solo i residenti e i cittadini australiani permanenti saranno liberi di viaggiare. Gli stranieri completamente vaccinati che viaggiano con visti per studenti e lavoratori qualificati avranno la priorit\u00e0 rispetto ai turisti internazionali. Ma il governo prevede che l'Australia accoglier\u00e0 i turisti internazionali prima della fine dell'anno.<\/p>\n\n\n\n<p>Nuovo lieve aumento dell'incidenza del coronavirus in Spagna, ora di nuovo vicina alla soglia dei 50 casi ogni 100.000 abitanti, che indica l'ingresso in una situazione di \"rischio medio\" da quella di \"rischio basso\", secondo i parametri delle autorit\u00e0 nazionali. Gli ultimi dati del Ministero della Sanit\u00e0 indicano infatti che l'incidenza su 14 giorni \u00e8 ora di 49,37 casi ogni 100.000 abitanti, mentre ieri era di 46,01 e il giorno prima di 46,38.<\/p>\n\n\n\n<p>Secondo quanto spiegato da esperti al quotidiano El Pa\u00eds, su questi dati influisce per\u00f2 un fattore definito \"effetto calendario\", che pu\u00f2 provocare uno sbalzo del numero dei contagi giornalieri contabilizzati quando nei 14 giorni precedenti c'\u00e8 un periodo festivo (in Spagna c'\u00e8 stato un ponte in occasione della festa nazionale del 12 ottobre, giorno del primo sbarco di Cristoforo Colombo in America).Nella maggior parte delle regioni, la tendenza dell'incidenza rimane per il momento pressoch\u00e9 stabile o in lieve rialzo, secondo gli ultimi dati disponibili. L'indice di positivit\u00e0 attuale \u00e8 del 2,49%. Nel Paese sono stati registrati da inizio pandemia poco pi\u00f9 di 5 milioni di casi e 87.289 morti. L'88,5% della popolazione over 12 ha completato il ciclo di vaccinazione.<\/p>\n","protected":false},"excerpt":{"rendered":"<p>Cagliari, 28 Ott 2021 &#8211; La pandemia si sta lentamente ritirando dalla maggior parte delle Americhe, dove la scorsa settimana il numero di contagi e&#8230;<\/p>\n","protected":false},"author":2,"featured_media":212709,"comment_status":"closed","ping_status":"open","sticky":false,"template":"","format":"standard","meta":[],"categories":[49,51],"tags":[],"_links":{"self":[{"href":"https:\/\/www.cronacaonline.it\/index.php\/wp-json\/wp\/v2\/posts\/213587"}],"collection":[{"href":"https:\/\/www.cronacaonline.it\/index.php\/wp-json\/wp\/v2\/posts"}],"about":[{"href":"https:\/\/www.cronacaonline.it\/index.php\/wp-json\/wp\/v2\/types\/post"}],"author":[{"embeddable":true,"href":"https:\/\/www.cronacaonline.it\/index.php\/wp-json\/wp\/v2\/users\/2"}],"replies":[{"embeddable":true,"href":"https:\/\/www.cronacaonline.it\/index.php\/wp-json\/wp\/v2\/comments?post=213587"}],"version-history":[{"count":1,"href":"https:\/\/www.cronacaonline.it\/index.php\/wp-json\/wp\/v2\/posts\/213587\/revisions"}],"predecessor-version":[{"id":213588,"href":"https:\/\/www.cronacaonline.it\/index.php\/wp-json\/wp\/v2\/posts\/213587\/revisions\/213588"}],"wp:featuredmedia":[{"embeddable":true,"href":"https:\/\/www.cronacaonline.it\/index.php\/wp-json\/wp\/v2\/media\/212709"}],"wp:attachment":[{"href":"https:\/\/www.cronacaonline.it\/index.php\/wp-json\/wp\/v2\/media?parent=213587"}],"wp:term":[{"taxonomy":"category","embeddable":true,"href":"https:\/\/www.cronacaonline.it\/index.php\/wp-json\/wp\/v2\/categories?post=213587"},{"taxonomy":"post_tag","embeddable":true,"href":"https:\/\/www.cronacaonline.it\/index.php\/wp-json\/wp\/v2\/tags?post=213587"}],"curies":[{"name":"wp","href":"https:\/\/api.w.org\/{rel}","templated":true}]}}