{"id":213554,"date":"2021-10-28T09:15:17","date_gmt":"2021-10-28T07:15:17","guid":{"rendered":"https:\/\/www.cronacaonline.it\/?p=213554"},"modified":"2021-10-28T09:15:18","modified_gmt":"2021-10-28T07:15:18","slug":"il-governo-approva-il-dl-sul-piano-di-recupero-pensioni-quota-102-solo-nel-2022","status":"publish","type":"post","link":"https:\/\/www.cronacaonline.it\/index.php\/2021\/10\/28\/il-governo-approva-il-dl-sul-piano-di-recupero-pensioni-quota-102-solo-nel-2022\/","title":{"rendered":"Il governo approva il Dl sul Piano di recupero. Pensioni, quota 102 solo nel 2022."},"content":{"rendered":"\n<p>Roma, 28 Ott 2021 - Dopo il Consiglio dei ministri, come previsto, si \u00e8 svolta a Palazzo Chigi la cabina di regia, durata circa\u00a0circa tre ore e mezza, sulla manovra e sulla legge sulla concorrenza. L'incontro \u00e8 stato convocato dal premier Mario Draghi, con i capi\u00a0delegazione dei partiti della maggioranza in vista del varo del ddl bilancio\u00a0atteso sul tavolo del Consiglio dei ministri di domani.<\/p>\n\n\n\n<p>Alla cabina di regia, hanno preso parte il ministro dell'Economia, Daniele Franco,&nbsp;il ministro dello Sviluppo economico, Giancarlo Giorgetti (Lega), la ministra&nbsp;degli Affari Regionali, Mariastella Gelmini (Fi), il ministro della Funzione&nbsp;pubblica, Renato Brunetta (Fi), il ministro dell'Agricoltura, Stefano Patuanelli (M5s), il&nbsp;responsabile economico di Iv, Luigi Marattin, la viceministra del Mef Laura&nbsp;Castelli (M5S) e la sottosegretaria al Mef, Maria Cecilia Guerra (Leu), il&nbsp;ministro della Salute, Roberto Speranza (Leu), il ministro del Lavoro, Andrea&nbsp;Orlando, la ministra della Famiglia, Elena Bonetti (Iv).<\/p>\n\n\n\n<p>Nella cabina di regia a Palazzo&nbsp;Chigi&nbsp;si \u00e8 discusso anche del ddl&nbsp;concorrenza, domani sul tavolo del Cdm insieme alla legge di bilancio.<\/p>\n\n\n\n<p>La legge di bilancio che oggi approder\u00e0 sul tavolo del consiglio dei ministri conferma i saldi&nbsp;indicati nel documento programmatico di bilancio (dpb). \u00c8&nbsp;quanto emerge dalla cabina di regia. La riunione \u00e8 partita dall'esame dei&nbsp;capitoli di investimento, poi \u00e8 passata al reddito di&nbsp;cittadinanza.<\/p>\n\n\n\n<p>Si va verso una cancellazione definitiva del cashback. Dopo la 'sospensione' la misura per incentivare la moneta elettronica non dovrebbe essere rinnovata. \u00c8 quanto emerge dalla cabina di regia presieduta da Mario Draghi sulla legge di bilancio. \"Non \u00e8 mai stato in discussione\", viene riferito.&nbsp;Le risorse cos\u00ec risparmiate -1,5&nbsp;miliardi- contribuiranno a finanziare la riforma degli ammortizzatori&nbsp;sociali. La conferma arriva da fonti di governo presenti alla cabina di regia sulla manovra, conclusasi in serata a Palazzo Chigi.<\/p>\n\n\n\n<p>Pi\u00f9 controlli e una riduzione dell'assegno&nbsp;del reddito di cittadinanza gi\u00e0 a partire dalla seconda proposta di&nbsp;lavoro rifiutata. Sarebbe questa, a quanto apprende l'Adnkronos da&nbsp;fonti presenti alla riunione, la proposta di 'restyling' del reddito&nbsp;di cittadinanza proposta dal ministro dell'Economia, Daniele Franco, nel&nbsp;corso della cabina di regia con il premier Mario Draghi e le forze di&nbsp;maggioranza sulla manovra, domani in Cdm.<\/p>\n\n\n\n<p>Quota 102 per un anno: la soluzione sulle pensioni individuata in cabina di regia \u00e8 un \"segnale\" che va nella direzione del raggiungimento di un \"equilibrio attuariale\", cio\u00e8 della garanzia di sostenibilit\u00e0 del sistema pensionistico, che consente anche di ragionare per il futuro di nuovi interventi di flessibilit\u00e0 in uscita pi\u00f9 \"mirati\" del sistema delle quote. Lo spiegano qualificate fonti di governo. La soluzione rispecchierebbe la gradualit\u00e0 di un ritorno al sistema ordinario voluta da Draghi e allo stesso tempo mitigherebbe, rispetto ad altre soluzioni, le criticit\u00e0 di Quota 100 ai danni di donne e carriere discontinue.<\/p>\n\n\n\n<p>\"Nessun ritorno alla legge Fornero, si va verso la pensione a 64 anni (anzich\u00e9 67) mantenendo 38 anni di contributi. In pi\u00f9, ci sar\u00e0 un fondo ad hoc di 500 milioni per accompagnare alcune categorie all'uscita anticipata dal mondo del lavoro con le regole di Quota 100\". Cos\u00ec fonti della Lega dopo la cabina di regia e che sottolineano la \"grande soddisfazione\" del partito di Matteo Salvini.<\/p>\n\n\n\n<p>Arriva una proroga per il super bonus&nbsp;al 110% anche sulle abitazioni monofamiliari per tutto il 2022,&nbsp;ma con un tetto di isee per i proprietari fino a 25mila euro e&nbsp;limitato quindi, viene spiegato, alle sole prime case. \u00c8 quanto&nbsp;si apprende da fonti di governo mentre \u00e8 in corso a palazzo Chigi la cabina di regia sulla manovra. Il bonus&nbsp;facciate dovrebbe essere rinnovato per tutto il 2022, ma con&nbsp;una percentuale al 60%.<\/p>\n\n\n\n<p>Il Consiglio dei ministri ha dato il via libera al nuovo decreto legge sul Piano di Recupero, con le misure per accelerare e semplificare l'attuazione del Pnrr.&nbsp;Via libera dall'esecutivo anche&nbsp;al disegno di legge di delega al governo in materia di disabilit\u00e0.&nbsp;&nbsp;Il Consiglio dei ministri \u00e8 iniziato alle 15 ed \u00e8 finito poco dopo le 16.&nbsp;Sono 2,4 i miliardi, che con la leva finanziaria salgono a 6,9, destinati al turismo nel nuovo decreto legge Recupero con le misure per attribuire le risorse del piano e accelerare la realizzazione dei progetti del Pnrr, appena approvato dal Consiglio dei ministri. \u00c8 quanto spiegano fonti del ministero del Turismo. Tra i principali interventi 114milioni per il Centro di Turismo digitale, quasi 1,8 miliardi&nbsp;per il Fondo competitivit\u00e0 imprese turistiche e 500 milioni per Roma Caput Mundi \u2013 Prossima Generazione EU.<\/p>\n\n\n\n<p>Il governo lavora alle ultime limature della Manovra prima del Consiglio dei ministri atteso domani. Resta il nodo pensioni. Intanto questa mattina Draghi ha incontrato i sindacati internazionali in vista del G20. \"La tutela dei pi\u00f9 deboli ci unisce\", le parole del premier. \"Lavoriamo perch\u00e9 innovazione e produttivit\u00e0 vadano di pari passo con&nbsp;equit\u00e0 e coesione sociale\".<\/p>\n\n\n\n<p>Sar\u00e0 Difesa Servizi spa la societ\u00e0&nbsp;\"centrale di committenza, per l'espletamento delle procedure di&nbsp;gara relative all'infrastruttura\" del cosiddetto Cloud Nazionale.&nbsp;\u00c8 quanto si legge nella bozza del dl Recupero. Per la realizzazione delle attivit\u00e0 viene autorizzata&nbsp;una spesa di 5 milioni di euro per il 2021 e di 10 milioni di&nbsp;euro per il 2022.<\/p>\n\n\n\n<p>Ogni regione e ogni provincia avr\u00e0 un&nbsp;\"progetto bandiera\" con \"particolare rilevanza strategica\" e&nbsp;coerente con le linee del Pnrr e per la sua elaborazione potr\u00e0&nbsp;contare su un nuovo nucleo di coordinamento tra le istituzioni&nbsp;locali e lo Stato. \u00c8 quanto si legge in una nuova bozza del dl&nbsp;recupero. Il nuovo organismo \u00e8 istituito, presso il dipartimento&nbsp;per gli Affari regionali e le autonomie della presidenza del&nbsp;consiglio dei ministri e sar\u00e0 operativo fino al 31 dicembre&nbsp;2026.<\/p>\n\n\n\n<p>Niente penalizzazioni per i&nbsp;professionisti che accettano contratti a tempo con la pubblica&nbsp;amministrazione per i progetti del recupero: il nuovo decreto&nbsp;per l'attuazione del Pnrr \"per incentivare il reclutamento delle migliori professionalit\u00e0\" prevede che i professionisti possano&nbsp;mantenere l'iscrizione agli ordini di appartenenza e che, in&nbsp;ogni caso, non ci siano costi \"a carico del professionista per&nbsp;la ricongiunzione\" dei periodi contributivi in caso si opti per&nbsp;non rimanere iscritti alla relative casse di previdenza.<\/p>\n\n\n\n<p>Il commissario straordinario per il Sin&nbsp;di Bagnoli-Coroglio \u00e8 individuato, per cinque anni dall'entrata&nbsp;in vigore del provvedimento, nel sindaco di Napoli. \u00c8 quanto&nbsp;emerge dalla bozza del dl Recupero approvato dal Consiglio dei&nbsp;ministri.<\/p>\n\n\n\n<p>Il commissario, riporta la bozza, \u00e8 nominato (a titolo&nbsp;gratuito) con un decreto che il presidente del Consiglio dei&nbsp;ministri adotter\u00e0 \"entro 20 giorni\" dall'entrata in vigore del&nbsp;decreto, formalizzando cos\u00ec la nomina di Gaetano Manfredi a nuovo&nbsp;commissario di Bagnoli. Il provvedimento definisce anche la struttura di supporto per&nbsp;l'esercizio delle funzioni commissariali che sar\u00e0 composta da&nbsp;massimo dodici unit\u00e0 di personale: dieci di livello non&nbsp;dirigenziale e due unit\u00e0 di livello dirigenziale. La struttura&nbsp;cessa alla scadenza dell'incarico del commissario. L'intervento per Bagnoli rientra, per il governo, tra gli&nbsp;interventi di pubblica utilit\u00e0 \"indifferibili e urgenti\", cos\u00ec&nbsp;come indicato nel decreto Semplificazioni ai quali si applicano&nbsp;le procedure speciali previste nell'ambito dello stesso decreto.<\/p>\n\n\n\n<p>Nuove norme sullo smaltimento dei pannelli&nbsp;fotovoltaici sostituiti, per ammodernamento o ripotenziamento,&nbsp;per evitare una non corretta gestione del rifiuto (in alcuni casi&nbsp;i vecchi pannelli vengono anche spacciati per nuovi e esportati&nbsp;in paesi in via di sviluppo). E' quanto si legge nella bozza del&nbsp;dl Recovery.<\/p>\n\n\n\n<p>Nei casi di ammodernamento, ossia di ammodernamento tecnologico,&nbsp;o nei casi di 'repowering', ossia di ripotenziamento degli&nbsp;impianti fotovoltaici incentivati esistenti, il Gestore dei&nbsp;servizi energetici- Gse \"provvede in ogni caso al trattenimento&nbsp;della garanzia finanziaria\" dei moduli fotovoltaici sostituiti o dismessi, \"fatti salvi i casi in cui i soggetti responsabili&nbsp;abbiano gi\u00e0 prestato la garanzia finanziaria nel trust di uno dei&nbsp;sistemi collettivi riconosciuti\".<\/p>\n\n\n\n<p>Il ddl sulla concorrenza Potrebbe inoltre arrivare domani in Consiglio dei ministri anche il ddl sulla concorrenza. Secondo quanto si apprende da diverse fonti di governo si starebbe cercando di chiudere in queste ore il testo per portarlo domani alla riunione che dovrebbe varare anche la Manovra.<\/p>\n\n\n\n<p>La legge sulla concorrenza non si dovrebbe occupare di spiagge: secondo quanto si apprende da fonti di governo la questione delle concessioni balneari non dovrebbe entrare nel testo della legge annuale, che potrebbe arrivare sul tavolo del Consiglio dei ministri di domani, anche se il lavoro \u00e8 ancora in corso e non si esclude uno slittamento. Nel testo non dovrebbero entrare nemmeno le concessioni idroelettriche - su cui c'era la contrariet\u00e0 della Lega - n\u00e9 la questione ambulanti.&nbsp;<\/p>\n","protected":false},"excerpt":{"rendered":"<p>Roma, 28 Ott 2021 &#8211; Dopo il Consiglio dei ministri, come previsto, si \u00e8 svolta a Palazzo Chigi la cabina di regia, durata circa\u00a0circa tre&#8230;<\/p>\n","protected":false},"author":2,"featured_media":188638,"comment_status":"closed","ping_status":"open","sticky":false,"template":"","format":"standard","meta":[],"categories":[49,50],"tags":[],"_links":{"self":[{"href":"https:\/\/www.cronacaonline.it\/index.php\/wp-json\/wp\/v2\/posts\/213554"}],"collection":[{"href":"https:\/\/www.cronacaonline.it\/index.php\/wp-json\/wp\/v2\/posts"}],"about":[{"href":"https:\/\/www.cronacaonline.it\/index.php\/wp-json\/wp\/v2\/types\/post"}],"author":[{"embeddable":true,"href":"https:\/\/www.cronacaonline.it\/index.php\/wp-json\/wp\/v2\/users\/2"}],"replies":[{"embeddable":true,"href":"https:\/\/www.cronacaonline.it\/index.php\/wp-json\/wp\/v2\/comments?post=213554"}],"version-history":[{"count":1,"href":"https:\/\/www.cronacaonline.it\/index.php\/wp-json\/wp\/v2\/posts\/213554\/revisions"}],"predecessor-version":[{"id":213555,"href":"https:\/\/www.cronacaonline.it\/index.php\/wp-json\/wp\/v2\/posts\/213554\/revisions\/213555"}],"wp:featuredmedia":[{"embeddable":true,"href":"https:\/\/www.cronacaonline.it\/index.php\/wp-json\/wp\/v2\/media\/188638"}],"wp:attachment":[{"href":"https:\/\/www.cronacaonline.it\/index.php\/wp-json\/wp\/v2\/media?parent=213554"}],"wp:term":[{"taxonomy":"category","embeddable":true,"href":"https:\/\/www.cronacaonline.it\/index.php\/wp-json\/wp\/v2\/categories?post=213554"},{"taxonomy":"post_tag","embeddable":true,"href":"https:\/\/www.cronacaonline.it\/index.php\/wp-json\/wp\/v2\/tags?post=213554"}],"curies":[{"name":"wp","href":"https:\/\/api.w.org\/{rel}","templated":true}]}}