{"id":213481,"date":"2021-10-26T07:07:37","date_gmt":"2021-10-26T05:07:37","guid":{"rendered":"https:\/\/www.cronacaonline.it\/?p=213481"},"modified":"2021-10-26T07:07:38","modified_gmt":"2021-10-26T05:07:38","slug":"alta-tensione-nella-maggioranza-sulla-manovra-draghi-convoca-i-sindacati-per-domani-pomeriggio","status":"publish","type":"post","link":"https:\/\/www.cronacaonline.it\/index.php\/2021\/10\/26\/alta-tensione-nella-maggioranza-sulla-manovra-draghi-convoca-i-sindacati-per-domani-pomeriggio\/","title":{"rendered":"Alta tensione nella maggioranza sulla Manovra: Draghi convoca i sindacati per domani pomeriggio."},"content":{"rendered":"\n<p>Roma, 26 Ott 2021 - L'investimento entro il 2022: un mega acquisto a quattro mesi dall'emersione dalla bancarotta, dopo la crisi che ha colpito tutte le societ\u00e0 di autonoleggio a causa della pandemia. Centomila auto elettriche ordinate alla Tesla di Elon Musk, ed un cambio radicale per \"riflettere le nuove tendenze\". L'elettrico infatti, secondo\u00a0Mark Fields, Ceo di Hertz, \u00e8 \"mainstream\", ha una attrattiva globale sui clienti.<\/p>\n\n\n\n<p>Elettrica diventer\u00e0 il 20% della flotta di auto a nolo. Intanto, dai primi di Novembre i clienti potranno noleggiare gi\u00e0 una Tesla Model 3 negli aeroporti, in diverse citt\u00e0 statunitensi ed in alcune europee. La compagnia sta iniziando ad installare migliaia di carica batterie per veicoli elettrici nella sua rete attuale. Tremila le stazioni di carica in Europa e negli Usa gi\u00e0 presenti. \"I veicoli elettrici sono ormai mainstream e abbiamo iniziato a vedere un aumento della domanda e dell'interesse globali\" - ha spiegato Mark Fields, Ceo di Hertz. Testimonial del nuovo modello di mobilit\u00e0 \"green\" della compagnia sar\u00e0 un mito yankee: il campione di football americano Tom Brady, vincitore di sette Super Bowl. Secondo quanto riportato da Reuters e Bloomberg, dall\u2019accordo il miliardario americano Musk ricaver\u00e0 una cifra intorno ai 4.2 miliardi di dollari.<\/p>\n\n\n\n<p>Hertz sta uscendo da un periodo particolarmente difficile, dopo che nel maggio del 2020 aveva fatto ricorso al \"chapter 11\" - istanza di fallimento negli Stati Uniti e Canada - in seguito alle difficolt\u00e0 causate dal crollo del mercato del noleggio auto dovuto alla pandemia. In seguito il gruppo ha annunciato che un gruppo di investitori tra cui Knighthead Capital Management, Certares Opportunities e Apollo Capital Management ne avrebbe finanziato l\u2019uscita dalla procedura fallimentare. Ora l\u2019accordo con Tesla potrebbe rappresentare un nuovo corso ed imprimere un\u2019ulteriore accelerazione al mercato dell\u2019auto elettrica e non solo negli Stati Uniti.&nbsp;Il 21 aprile Hertz aveva tagliato 10.000 posti di lavoro in Nord America - il 26,3% dei lavoratori in tutto il mondo - per preservare liquidit\u00e0 in vista delle incertezze conseguenti alla pandemia: Il \u201cChapter 11\u201d \u00e8 un dispositivo che consente a una societ\u00e0 che non pu\u00f2 pi\u00f9 rimborsare il proprio debito di riorganizzarsi al riparo dai creditori.<\/p>\n","protected":false},"excerpt":{"rendered":"<p>Roma, 26 Ott 2021 &#8211; L&#8217;investimento entro il 2022: un mega acquisto a quattro mesi dall&#8217;emersione dalla bancarotta, dopo la crisi che ha colpito tutte&#8230;<\/p>\n","protected":false},"author":2,"featured_media":11948,"comment_status":"closed","ping_status":"open","sticky":false,"template":"","format":"standard","meta":[],"categories":[49,50],"tags":[],"_links":{"self":[{"href":"https:\/\/www.cronacaonline.it\/index.php\/wp-json\/wp\/v2\/posts\/213481"}],"collection":[{"href":"https:\/\/www.cronacaonline.it\/index.php\/wp-json\/wp\/v2\/posts"}],"about":[{"href":"https:\/\/www.cronacaonline.it\/index.php\/wp-json\/wp\/v2\/types\/post"}],"author":[{"embeddable":true,"href":"https:\/\/www.cronacaonline.it\/index.php\/wp-json\/wp\/v2\/users\/2"}],"replies":[{"embeddable":true,"href":"https:\/\/www.cronacaonline.it\/index.php\/wp-json\/wp\/v2\/comments?post=213481"}],"version-history":[{"count":1,"href":"https:\/\/www.cronacaonline.it\/index.php\/wp-json\/wp\/v2\/posts\/213481\/revisions"}],"predecessor-version":[{"id":213482,"href":"https:\/\/www.cronacaonline.it\/index.php\/wp-json\/wp\/v2\/posts\/213481\/revisions\/213482"}],"wp:featuredmedia":[{"embeddable":true,"href":"https:\/\/www.cronacaonline.it\/index.php\/wp-json\/wp\/v2\/media\/11948"}],"wp:attachment":[{"href":"https:\/\/www.cronacaonline.it\/index.php\/wp-json\/wp\/v2\/media?parent=213481"}],"wp:term":[{"taxonomy":"category","embeddable":true,"href":"https:\/\/www.cronacaonline.it\/index.php\/wp-json\/wp\/v2\/categories?post=213481"},{"taxonomy":"post_tag","embeddable":true,"href":"https:\/\/www.cronacaonline.it\/index.php\/wp-json\/wp\/v2\/tags?post=213481"}],"curies":[{"name":"wp","href":"https:\/\/api.w.org\/{rel}","templated":true}]}}