{"id":213408,"date":"2021-10-23T10:39:55","date_gmt":"2021-10-23T08:39:55","guid":{"rendered":"https:\/\/www.cronacaonline.it\/?p=213408"},"modified":"2021-10-23T10:39:56","modified_gmt":"2021-10-23T08:39:56","slug":"riforma-pensioni-da-quota-100-a-quota-104-come-cambia-luscita-anticipata-dal-lavoro","status":"publish","type":"post","link":"https:\/\/www.cronacaonline.it\/index.php\/2021\/10\/23\/riforma-pensioni-da-quota-100-a-quota-104-come-cambia-luscita-anticipata-dal-lavoro\/","title":{"rendered":"Riforma pensioni, da Quota 100 a Quota 104: come cambia l&#8217;uscita anticipata dal lavoro."},"content":{"rendered":"\n<p>Roma, 23 Ott 2021 - L'uscita anticipata dal lavoro con Quota 102 nel 2022 e nel 2023 e il passaggio a Quota 104 nel 2024. O un meccanismo pi\u00f9 graduale, con Quota 102 nel 2022, Quota 103 nel 2023, Quota 104 nel 2024. Su queste soluzioni sono in corso, in queste ore, le simulazioni del governo. Si prova a trovare un'intesa in maggioranza e con i sindacati sul meccanismo \"graduale\" di ritorno al sistema ordinario di pensionamento previsto dalla legge Fornero.<\/p>\n\n\n\n<p>\u00c8 al vaglio un mix di misure, per tutelare le categorie pi\u00f9 fragili. Tratta la Lega, disposta a un compromesso. E tratta Draghi, alla ricerca della soluzione pi\u00f9 sostenibile ed efficace. Con due paletti ben precisi, per\u00f2: bisogna allontanarsi dal sistema delle quote, pi\u00f9 volte bocciato anche dall'Europa, e non far lievitare troppo le risorse a ora previste per le pensioni in legge di bilancio, con soli 600 milioni nel 2022.<\/p>\n\n\n\n<p>Il presidente del Consiglio da Bruxelles stoppa qualsiasi tentazione di Matteo Salvini di alzare la posta, chiedendo di mantenere quota 100 almeno per alcune categorie. \"Non concordavo\" con quella misura, dice lapidario. Il destino di Quota 100 \"\u00e8 oggetto di discussione della legge di bilancio, che presenteremo la settimana prossima. Io ho sempre detto che non condividevo Quota 100: ha una durata triennale e non verr\u00e0 rinnovata \", ha detto il presidente del Consiglio rispondendo ad una domanda nella conferenza stampa successiva al Consiglio europeo. \"Quello che occorre fare -ha aggiunto- ora \u00e8 assicurare gradualit\u00e0 nel passaggio alla normalit\u00e0. Occorre essere graduali. I dettagli verranno resi noti nel corso della legge di bilancio\".<\/p>\n\n\n\n<p>Ma sul tavolo del Consiglio dei ministri sul Documento programmatico di bilancio, marted\u00ec, il ministro dell'Economia Daniele Franco ha messo una proposta attorno a cui si lavorer\u00e0 da qui alla prossima settimana (il Cdm sulla manovra potrebbe tenersi marted\u00ec 26). C'\u00e8 chi la definisce \"la gabbia di Franco\", come a dire che molto oltre il perimetro indicato non si pu\u00f2 andare. Per ora il confronto \u00e8 a un livello tecnico, poi un colloquio di Draghi con Salvini (se lo aspetta il leghista) e una nuova cabina di regia del governo (possibile anche un incontro con i sindacati, che sono contrarissimi al meccanismo di quote) dovrebbero tirare le fila a inizio settimana.<\/p>\n\n\n\n<p>Tra le opzioni al vaglio del ministero dell'Economia c'\u00e8 il mix delle tre \"quote\" 102, 103 e 104. Con in pi\u00f9 un rafforzamento, su cui \u00e8 forte la spinta del Pd, dell'Ape social per i lavori gravosi alle categorie individuate dalla commissione Damiano. Al momento resterebbe l'intenzione di non rinnovare Opzione donna, lo strumento di flessibilit\u00e0 per le lavoratrici, ma non \u00e8 detto che venga ripristinato per rimediare al fatto che le quote penalizzino le donne. Negli auspici dei Dem, ci sarebbe anche l'ipotesi di abbandonare del tutto il sistema quote, sposando magari la proposta Tridico di uscita a 63 di et\u00e0 con il minimo contributivo calcolato secondo criteri attuariali, per poi arrivare alla pensione piena a 67 anni. Ma non sembra questa l'idea della Lega. Chi per Salvini sta trattando in queste ore ai tavoli tecnici, starebbe proponendo almeno per due anni quota 102, con uscita a 64 anni di et\u00e0 e 38 di contributi. E in aggiunta un mix di misure che potrebbero andare dall'estensione del contratto di espansione - che incentiva anche il ricambio generazionale - per le piccole aziende sotto i 100 dipendenti, a una maggiore flessibilit\u00e0 per alcune categorie, come i lavoratori precoci e gli operai. Su tutte queste misure per\u00f2 sono in corso simulazioni sui costi, dal momento che per il governo resta il vincolo di finanza pubblica.<\/p>\n\n\n\n<p>Prosegue intanto il pressing dei partiti per estendere il Superbonus almeno fino a tutto il 2023 anche alle villette, ma i costi della misura sarebbero molto alti. E il Pd insiste sul bonus facciate, ad ora escluso dalla manovra ma che potrebbe rientrare con una percentuale al 70%, non pi\u00f9 al 90%.<\/p>\n\n\n\n<p>L'altro grande capitolo ancora aperto della manovra \u00e8 quello delle tasse: come utilizzare gli 8 miliardi stanziati in manovra. Il tema \u00e8 cos\u00ec spinoso che circola l'ipotesi che per ora le risorse siano destinate ad un apposito fondo e poi si intervenga nel corso dell'esame parlamentare della legge di bilancio a definire con un emendamento quale sar\u00e0 la destinazione da gennaio 2022. La discussione \u00e8 come modulare il taglio del costo del lavoro dal lato delle imprese e da quello dei lavoratori. Si starebbe ragionando sul taglio dei contributi per i lavoratori, sull'estensione del bonus Irpef che oggi \u00e8 di 100 euro o sul taglio dell'aliquota del terzo scaglione (ma oltre ad essere costosissimo, aiuterebbe - obiettano da sinistra - soprattutto i pi\u00f9 ricchi).<\/p>\n\n\n\n<p>Per le aziende potrebbe arrivare una riduzione (non la cancellazione) dell'Irap. Mentre, con l'arrivo dell'assegno unico, dovrebbe essere cancellato il contributo alla Cassa unica assegni famigliari (Cuaf), circa 1,7 miliardi pagati oggi dai datori di lavoro, comprese le famiglie nel caso di colf e badanti.<\/p>\n\n\n\n<p>\"Mi pare che il presidente del Consiglio abbia gi\u00e0 risposto, quota 100 si tocca e io credo che sia anche un bene che si tocchi perch\u00e9 penso che i numeri ci dicano che al suo interno aveva delle distorsioni che andavano affrontate\", ha fatto eco da Napoli il ministro del Lavoro Andrea Orlando. Le \"distorsioni\" citate da Orlando sono \"il trattamento uguale a situazioni diverse, sono andate in pensioni prevalentemente i dipendenti di grandi imprese e pubblico impiego, e il fatto che il 70% degli utilizzatori sono stati uomini. Queste due cose vanno corrette, accettando una graduale uscita che quota 100 ha rappresentato\".<\/p>\n\n\n\n<p>Quota 100? \"Matteo Salvini ha detto con chiarezza che il suo obiettivo \u00e8 dialogare e trovare un punto di equilibrio con il presidente Draghi. Credo che questa sia una posizione responsabile verso una maggioranza oggettivamente composita ma nella quale \u00e8 legittimo che le forze che la compongono possano portare le loro istanze e trovare quindi dei punti di equilibrio\". Lo ha dichiarato il presidente del Friuli Venezia Giulia, Massimiliano Fedriga, nel corso di un collegamento con \"Sabato anch'io\" su Rai Radio1 parlando di 'Quota 100'.<\/p>\n","protected":false},"excerpt":{"rendered":"<p>Roma, 23 Ott 2021 &#8211; L&#8217;uscita anticipata dal lavoro con Quota 102 nel 2022 e nel 2023 e il passaggio a Quota 104 nel 2024.&#8230;<\/p>\n","protected":false},"author":2,"featured_media":213411,"comment_status":"closed","ping_status":"open","sticky":false,"template":"","format":"standard","meta":[],"categories":[49,50],"tags":[],"_links":{"self":[{"href":"https:\/\/www.cronacaonline.it\/index.php\/wp-json\/wp\/v2\/posts\/213408"}],"collection":[{"href":"https:\/\/www.cronacaonline.it\/index.php\/wp-json\/wp\/v2\/posts"}],"about":[{"href":"https:\/\/www.cronacaonline.it\/index.php\/wp-json\/wp\/v2\/types\/post"}],"author":[{"embeddable":true,"href":"https:\/\/www.cronacaonline.it\/index.php\/wp-json\/wp\/v2\/users\/2"}],"replies":[{"embeddable":true,"href":"https:\/\/www.cronacaonline.it\/index.php\/wp-json\/wp\/v2\/comments?post=213408"}],"version-history":[{"count":1,"href":"https:\/\/www.cronacaonline.it\/index.php\/wp-json\/wp\/v2\/posts\/213408\/revisions"}],"predecessor-version":[{"id":213412,"href":"https:\/\/www.cronacaonline.it\/index.php\/wp-json\/wp\/v2\/posts\/213408\/revisions\/213412"}],"wp:featuredmedia":[{"embeddable":true,"href":"https:\/\/www.cronacaonline.it\/index.php\/wp-json\/wp\/v2\/media\/213411"}],"wp:attachment":[{"href":"https:\/\/www.cronacaonline.it\/index.php\/wp-json\/wp\/v2\/media?parent=213408"}],"wp:term":[{"taxonomy":"category","embeddable":true,"href":"https:\/\/www.cronacaonline.it\/index.php\/wp-json\/wp\/v2\/categories?post=213408"},{"taxonomy":"post_tag","embeddable":true,"href":"https:\/\/www.cronacaonline.it\/index.php\/wp-json\/wp\/v2\/tags?post=213408"}],"curies":[{"name":"wp","href":"https:\/\/api.w.org\/{rel}","templated":true}]}}