{"id":213304,"date":"2021-10-20T15:34:56","date_gmt":"2021-10-20T13:34:56","guid":{"rendered":"https:\/\/www.cronacaonline.it\/?p=213304"},"modified":"2021-10-20T15:34:58","modified_gmt":"2021-10-20T13:34:58","slug":"governo-draghi-campagna-vaccinale-in-italia-piu-spedita-che-media-ue","status":"publish","type":"post","link":"https:\/\/www.cronacaonline.it\/index.php\/2021\/10\/20\/governo-draghi-campagna-vaccinale-in-italia-piu-spedita-che-media-ue\/","title":{"rendered":"Governo, Draghi: &#8220;Campagna vaccinale in Italia pi\u00f9 spedita che media Ue&#8221;."},"content":{"rendered":"\n<p>Roma, 20 Ott 2021 - \"Dopo un avvio stentato la campagna di vaccinazione europea ha raggiunto risultati molto soddisfacenti\" e \"in Italia la campagna procede pi\u00f9 spedita della media Ue: a oggi l'86% sopra i 12 anni ha ricevuto almeno una dose e l'81% \u00e8 completamente vaccinata\". Cos\u00ec il presidente del Consiglio Mario Draghi nelle comunicazioni al Parlamento in vista del prossimo Consiglio europeo.\u00a0L'Aula \u00e8 piena. Draghi parla dal banco del governo, che \u00e8 al completo.<\/p>\n\n\n\n<p>\"La curva epidemiologica \u00e8 sotto controllo grazie al senso di responsabilit\u00e0 dei cittadini. Questo ci permette di mantenere aperte le scuole, le attivit\u00e0 economiche e i luoghi della nostra socialit\u00e0\" ha sottolineato il premier.<\/p>\n\n\n\n<p>\"Al Consiglio, discuteremo inoltre dell'approccio europeo per affrontare e superare eventuali future pandemie\", \"dobbiamo investire nella scienza e nella ricerca, che ci hanno permesso di avere vaccini efficaci e sicuri in pochi mesi\", spiega Draghi spiegando che \"dobbiamo evitare il ripetersi dei pericolosi episodi di protezionismo sanitario a cui abbiamo assistito nei primi mesi della pandemia. Continueremo a lavorare per migliorare la risposta globale a future crisi sanitarie anche in tutte le sedi multilaterali appropriate\".<\/p>\n\n\n\n<p>Inoltre sulla necessit\u00e0 di vaccini ai paesi pi\u00f9 fragili, Draghi ribadisce: \"Il Consiglio europeo riaffermer\u00e0 il proprio impegno a contribuire alla solidariet\u00e0 internazionale in materia di vaccini. Dobbiamo incrementare la fornitura di dosi ai Paesi pi\u00f9 fragili, perch\u00e9 possano proteggere i loro cittadini e per impedire l'insorgenza e la diffusione di nuove e pericolose varianti\". E ricorda che \"solo il 2,8% di chi vive in un Paese a basso reddito ha ricevuto almeno una dose di vaccino, a fronte di quasi il 50% della popolazione mondiale\".<\/p>\n\n\n\n<p>Per quel che riguarda l'impegno dell'Italia, \"ha recentemente triplicato le donazioni di vaccino, da 15 a 45 milioni di dosi, da distribuire principalmente attraverso il meccanismo Covax. A oggi, abbiamo assegnato pi\u00f9 di 11 milioni di dosi: tra questi, circa tre milioni ciascuno a Vietnam e Indonesia, 1,5 milioni all'Iran e 700 mila a Libano, Yemen e Iraq\".<\/p>\n\n\n\n<p>\"Per quanto riguarda l'agenda digitale, il Consiglio intende definire la tabella di marcia per gli obiettivi del 2030, anche con l'indicazione di scadenze e di un sistema di monitoraggio. Gli obiettivi europei per il 2030 riguardano quattro aree prioritarie: infrastrutture digitali sicure, efficienti e sostenibili; trasformazione digitale delle imprese; digitalizzazione dei servizi pubblici; competenze digitali\" afferma il premier.&nbsp;\"L'Italia ha fatto propri questi obiettivi e ne ha anticipato il raggiungimento al 2026, anche grazie alle risorse del Piano Nazionale di Ripresa e Resilienza. Siamo ancora indietro, ma intendiamo colmare rapidamente il divario che ci separa dal resto d'Europa, e in alcuni settori arrivare a guidare la transizione digitale europea\".<\/p>\n\n\n\n<p>\"Per fare questa transizione ecologica e digitale non ci sono alternative all'intervento dello Stato, lo Stato non pu\u00f2 che essere impegnato altrimenti queste due transizioni non avverranno\" E \"si tratta di un punto fondamentale\".<\/p>\n\n\n\n<p>Poi aggiunge: \"Per dare un'idea, i sussidi statali di Cina e Stati Uniti vanno dal 30% al 60% del costo di un impianto di semiconduttori - ha spiegato Draghi in uno dei pochi passaggi 'a braccio' del suo discorso -. Per fare questa transizione ecologica, per fare questa transizione digitale, non ci sono alternative all'intervento dello Stato. Lo Stato non pu\u00f2 che essere pienamente impegnato, altrimenti se non c'\u00e8 lo Stato queste due transizioni non avverranno\".<\/p>\n\n\n\n<p>Interrotto dagli applausi dell'Aula, il premier ha ripreso sottolineando che \"questo vale anche per i nostri rapporti con il resto di altri Paesi dell'Ue per quanto riguarda le molte regole che sono state sospese in questo momento. Su questi aspetti - ha proseguito - ci saranno sicuramente altre occasioni per parlarne qui, man mano che le discussioni di queste regole procederanno nei prossimi mesi.<\/p>\n\n\n\n<p>\u201cPer quanto riguarda le migrazioni, l'Italia aveva promosso una discussione sul tema nel Consiglio europeo di giugno, con l'obiettivo di incoraggiare una gestione davvero europea dei flussi. Anche i Paesi preoccupati dai cosiddetti 'movimenti secondari' hanno preso atto dell'importanza di prevenire e contenere i flussi irregolari e di incentivare i canali di migrazione legale. Su quest'ultimo aspetto, l'Europa dovrebbe impegnarsi di pi\u00f9, seguendo ad esempio il modello dei cosiddetti corridoi umanitari\".<\/p>\n\n\n\n<p>Poi la richiesta: \"\u00c8 essenziale che, gi\u00e0 a questo Consiglio, la Commissione presenti piani d'azione chiari, adeguatamente finanziati, e rivolti con pari priorit\u00e0 a tutte le rotte del Mediterraneo, compresa quella meridionale\" ha detto Draghi. \"A questi piani andr\u00e0 poi data rapida attuazione. L'Unione europea deve inoltre prestare attenzione alla specificit\u00e0 delle frontiere marittime e all'effettiva stabilit\u00e0 politica della Libia e della Tunisia\", ha aggiunto.<\/p>\n\n\n\n<p>Nella replica alle comunicazioni il premier ha poi sottolineato come l'approccio del governo rispetto ai flussi migratori debba \"essere equilibrato, efficace ma anche umano. Efficace anche dal punto di vista dell'accoglienza. Perch\u00e9 altrimenti ci creeremo dei nemici\".<\/p>\n\n\n\n<p>\"Deve essere efficace in due sensi - ha proseguito Draghi ripetendo le parole pronunciate in Parlamento nel suo discorso di investitura - nel proteggere i confini nazionali dall'immigrazione illegale e dai traffici dell'immigrazione, ma efficace anche nell'accoglienza. Per trasformare i migranti in fratelli occorre saperli accogliere, bene e con il senso dell'importanza di essere italiani. Senno' non riusciremo ad accoglierli e ne faremo dei nemici\", ha concluso.<\/p>\n\n\n\n<p>\"Intendo proporre che la Commissione europea aggiorni i capi di Stato e di Governo in ciascun Consiglio europeo sul grado di attuazione e di avanzamento degli impegni assunti\" ha poi annunciato il premier. \"Solo in questo modo - ha proseguito - potremo rendere conto ai nostri Parlamenti e soprattutto ai nostri cittadini dei progressi compiuti a livello europeo, e di quello che ancora resta da fare\".<\/p>\n\n\n\n<p>\"Con il Pnrr abbiamo potenziato gli investimenti in ricerca e competenze. Prevediamo di potenziare il numero dei dottorati di ricerca&nbsp;da 9000 a 20000, le cattedre, i centri di ricerca, la ricerca di base individuale\" ha annunciato inoltre Draghi nel corso delle replica dopo il dibattito a palazzo Madama.<\/p>\n\n\n\n<p>Con 200 voti favorevoli, 22 contrari e 3 astenuti \u00e8 stata approvata la risoluzione presentata da tutte le forze di maggioranza, in riferimento alle comunicazioni del premier Draghi in vista del prossimo Consiglio europeo.&nbsp; L'altra risoluzione, proposta da Fratelli d'Italia, \u00e8 stata respinta con 18 s\u00ec, 201 voti contrari e 2 astenuti.<\/p>\n","protected":false},"excerpt":{"rendered":"<p>Roma, 20 Ott 2021 &#8211; &#8220;Dopo un avvio stentato la campagna di vaccinazione europea ha raggiunto risultati molto soddisfacenti&#8221; e &#8220;in Italia la campagna procede&#8230;<\/p>\n","protected":false},"author":2,"featured_media":213305,"comment_status":"closed","ping_status":"open","sticky":false,"template":"","format":"standard","meta":[],"categories":[49,50],"tags":[],"_links":{"self":[{"href":"https:\/\/www.cronacaonline.it\/index.php\/wp-json\/wp\/v2\/posts\/213304"}],"collection":[{"href":"https:\/\/www.cronacaonline.it\/index.php\/wp-json\/wp\/v2\/posts"}],"about":[{"href":"https:\/\/www.cronacaonline.it\/index.php\/wp-json\/wp\/v2\/types\/post"}],"author":[{"embeddable":true,"href":"https:\/\/www.cronacaonline.it\/index.php\/wp-json\/wp\/v2\/users\/2"}],"replies":[{"embeddable":true,"href":"https:\/\/www.cronacaonline.it\/index.php\/wp-json\/wp\/v2\/comments?post=213304"}],"version-history":[{"count":1,"href":"https:\/\/www.cronacaonline.it\/index.php\/wp-json\/wp\/v2\/posts\/213304\/revisions"}],"predecessor-version":[{"id":213306,"href":"https:\/\/www.cronacaonline.it\/index.php\/wp-json\/wp\/v2\/posts\/213304\/revisions\/213306"}],"wp:featuredmedia":[{"embeddable":true,"href":"https:\/\/www.cronacaonline.it\/index.php\/wp-json\/wp\/v2\/media\/213305"}],"wp:attachment":[{"href":"https:\/\/www.cronacaonline.it\/index.php\/wp-json\/wp\/v2\/media?parent=213304"}],"wp:term":[{"taxonomy":"category","embeddable":true,"href":"https:\/\/www.cronacaonline.it\/index.php\/wp-json\/wp\/v2\/categories?post=213304"},{"taxonomy":"post_tag","embeddable":true,"href":"https:\/\/www.cronacaonline.it\/index.php\/wp-json\/wp\/v2\/tags?post=213304"}],"curies":[{"name":"wp","href":"https:\/\/api.w.org\/{rel}","templated":true}]}}