{"id":213274,"date":"2021-10-19T19:59:51","date_gmt":"2021-10-19T17:59:51","guid":{"rendered":"https:\/\/www.cronacaonline.it\/?p=213274"},"modified":"2021-10-19T19:59:53","modified_gmt":"2021-10-19T17:59:53","slug":"bilancio-il-cdm-approva-il-documento-programmatico-manovra-da-23-miliardi-pari-all12-del-pil","status":"publish","type":"post","link":"https:\/\/www.cronacaonline.it\/index.php\/2021\/10\/19\/bilancio-il-cdm-approva-il-documento-programmatico-manovra-da-23-miliardi-pari-all12-del-pil\/","title":{"rendered":"Bilancio: il Cdm approva il documento programmatico, manovra da 23 miliardi, pari all&#8217;1,2% del Pil."},"content":{"rendered":"\n<p>Roma, 19 Ott 2021 - Il Consiglio dei ministri ha\u00a0approvato all'unanimit\u00e0, a quanto si apprende, il documento\u00a0programmatico di bilancio (dpb) che disegna la cornice della\u00a0manovra. Nel corso della riunione la Lega ha espresso una\u00a0riserva politica sulla soluzione ad ora individuata sulle\u00a0pensioni con quota 102 e 104, ma il tema sar\u00e0 discusso nei\u00a0prossimi giorni in vista del varo della legge di bilancio in un\u00a0successivo cdm.<\/p>\n\n\n\n<p>Una manovra da 23 miliardi, l'1,2% di Pil. Otto miliardi subito&nbsp;per il taglio del cuneo fiscale (ma Ive e Fi ne chiedono 10).&nbsp;Addio a Quota 100, si passa a Quota 102 nel 2022 e Quota 104 nel&nbsp;2023 per le pensioni (per una platea di 50mila persone in due&nbsp;anni). Una misura sulla quale la Lega mantiene dubbi. Un&nbsp;finanziamento aggiuntivo di un miliardo per il Reddito di&nbsp;cittadinanza. Il Pd chiede la proroga del Superbonus. Sono le&nbsp;misure della Legge di Bilancio 2023 affrontate nella Cabina di&nbsp;regia a Palazzo Chigi, mentre il Cdm \u00e8 riunito per dare via&nbsp;libera al Documento programmatico di bilancio da presentare alla&nbsp;Commissione europea.&nbsp;Il Consiglio&nbsp;dei ministri ha approvato il Documento programmatico di bilancio, che traccia l'architettura della manovra che il governo si appresta a varare nel&nbsp;prossimo Cdm.<\/p>\n\n\n\n<p>Il Documento programmatico di bilancio, atteso da Bruxelles gi\u00e0 dal 15 ottobre,&nbsp;parte da una base di 23 miliardi garantiti dall'extra deficit, ovvero dalla differenza tra l'indebitamento a livello tendenziale (quindi a politiche invariate) che secondo le stime del governo si ridurr\u00e0 al 4,4% l'anno prossimo a fronte di un indebitamento programmatico fissato al 5,6% del Pil.<\/p>\n\n\n\n<p>Sono quattro i nodi che il governo dovr\u00e0 affrontare: reddito di cittadinanza, pensioni, taglio del cuneo fiscale e riforma degli ammortizzatori sociali. Nella Nadef il governo si \u00e8 impegnato ad avviare la prima fase della riforma dell'Irpef e degli ammortizzatori sociali e a mettere a regime l'assegno unico universale.<\/p>\n\n\n\n<p>La riforma complessiva del fisco sar\u00e0 solo anticipata in manovra. E secondo quanto viene riferito, \u00e8 pi\u00f9 probabile che il governo opti per un intervento sull'Irpef che un taglio del cuneo contributivo. Tuttavia, tra le ipotesi al vaglio c'\u00e8 la cancellazione del contributo Cuaf, la cassa unica assegni familiari, che costa circa 2 miliardi ed \u00e8 a carico dei datori di lavoro. Con l'introduzione dell'assegno unico bisogner\u00e0 infatti decidere se i datori di lavoro dovranno continuare a versare il contributo Cuaf destinato agli assegni al nucleo familiare oppure se queste risorse arriveranno da altrove. E il tutto dovr\u00e0 essere inquadrato all'interno della riforma dell'Irpef che impatter\u00e0 sul fisco familiare.<\/p>\n\n\n\n<p>L'esecutivo potrebbe impegnare una fetta di risorse superiore a quelle preventivate attingendo proprio all'extra deficit e mettere in campo interventi pi\u00f9 robusti anche sul cuneo fiscale. Il presidente di Confindustria, Carlo Bonomi, \u00e8 tornato a chiedere un intervento coraggioso e le imprese premono per una riduzione dell'Irap o, se le risorse non lo consentiranno, uno sfoltimento dei contributi.<\/p>\n\n\n\n<p>Appare scontato un restyling del reddito di cittadinanza che il centrodestra chiede di abolire e sul quale si \u00e8 gi\u00e0 consumato lo scontro nella maggioranza. Il sussidio \u00e8 stato rifinanziato fino alla fine del 2021 nel decreto fiscale che accompagner\u00e0 la legge di bilancio ma dovrebbe essere modificato nella legge di bilancio con una revisione della platea dei beneficiari, riducendo quindi le coperture per il 2022. E alcuni ritocchi potrebbero arrivare anche sul fronte dei controlli.<\/p>\n\n\n\n<p>Altro capitolo la previdenza: sul piatto ci sarebbe una dote di 4-5 miliardi per il post Quota 100. La Lega chiede una compensazione per l'addio al suo cavallo di battaglia. Diverse le soluzioni allo studio per garantire un canale di uscita a 62-63 anni, in aggiunta all'Ape sociale rafforzata, che dovrebbe essere per\u00f2 pi\u00f9 selettivo, ovvero destinato solo ad alcune categorie o settori o con un assegno ridotto.<\/p>\n\n\n\n<p>Altro nodo la riforma degli ammortizzatori sociali. Il ministro del Lavoro, Andrea Orlando, ha chiesto 8 miliardi ma la dote messa a disposizione dal Tesoro al momento \u00e8 di 3-4 miliardi. In cantiere anche il potenziamento della Naspi e l'estensione del contratto di espansione.<\/p>\n\n\n\n<p>C'\u00e8 poi l'impegno per il rifinanziamento del Superbonus al 2023. Ma le risorse sono limitate considerando che estenderlo a tutto il 2022 costa gi\u00e0 18 miliardi che saranno finanziati con il Pnrr e il Fondo complementare.<\/p>\n\n\n\n<p>Dopo l'intervento a fine settembre per evitare la stangata dei prezzi del gas e della luce, il governo \u00e8 pronto a introdurre nuove misure per far fronte ai rincari delle bollette, agendo sugli oneri di sistema che comprendono gli importi fatturati per la copertura di costi relativi ad attivit\u00e0 di interesse generale per il sistema elettrico, che vengono pagati da tutti i clienti finali del servizio elettrico. L'intervento a cui si lavora dovrebbe concretizzarsi nel trasferimento degli oneri di sistema nella fiscalit\u00e0 generale.<\/p>\n\n\n\n<p>Tra gli altri interventi attesi il rinnovo dei contratti pubblici, l'integrazione dei fondi per l'assegno unico universale, che entra in vigore l'anno prossimo, un pacchetto di misure a favore degli enti locali, e misure di rafforzamento del sistema sanitario.<\/p>\n\n\n\n<p>Il governo conta di ricavare circa 1 miliardo dal restyling del reddito di cittadinanza. \u00c8 questa la cifra che sarebbe stata indicata nel corso della cabina di regia sulla manovra. Il sussidio dovrebbe essere modificato in manovra con una revisione dei paletti per l'accesso, snellendo la platea e rafforzando il fronte delle politiche attive per il lavoro. Dovrebbe arrivare anche una stretta sui controlli.<\/p>\n\n\n\n<p>Un fondo da 1 miliardo per il taglio delle bollette. \u00c8 la cifra che, secondo quanto viene riferito, dovrebbe essere stanziata in manovra. Per la copertura si ricorrer\u00e0 a uno dei due miliardi gi\u00e0 destinati dalla Nadef alla riforma del fisco, ai quali si andrebbero ad aggiungere altri 7 miliardi per il taglio delle tasse.<\/p>\n\n\n\n<p>&nbsp;Si va verso una legge di bilancio da 23 miliardi, ovvero l'1,2% del Pil. Il responsabile economico di Italia viva, Luigi Marattin, ha spiegato che \"il margine \u00e8 intorno ai 23 miliardi\".<\/p>\n\n\n\n<p>\u00c8 di 8,8 miliardi, a quanto apprende&nbsp;l'Adnkronos, la 'posta' prevista in manovra per rifinanziare il&nbsp;reddito di cittadinanza. Per il 2022 erano previsti 7,6 miliardi, come&nbsp;tendenziale, mentre ora sono stati previsti - riferiscono fonti di&nbsp;governo a Cdm in corso - 8,8 miliardi, quindi 800 milioni in pi\u00f9. La&nbsp;stessa somma, dunque 8,8 miliardi, sarebbe stata prevista per il 2023.<\/p>\n\n\n\n<p>Quota 102, passando per quota 103 con&nbsp;accompagnamento (tipo ape) per chi \u00e8 vicino all'uscita, fino a&nbsp;quota 104. Sarebbero, secondo quanto si apprende da fonti&nbsp;ministeriali, le ipotesi sul tavolo del governo, e oggetto di&nbsp;discussione in Cdm, per attenuare lo scalone della legge Fornero&nbsp;sulle pensioni e superare quota 100.<\/p>\n\n\n\n<p>Se da un lato i fondi vengono incrementati di circa un&nbsp;miliardo l'anno, dall'altra vengono previsti dei 'correttivi' per&nbsp;migliorare il sistema, soprattutto sul fronte delle politiche attive&nbsp;del lavoro, coinvolgendo anche le aziende private e semplificando&nbsp;l'accesso agli sgravi per quelle che assumono chi percepisce il rdc.<\/p>\n\n\n\n<p>Comunque la Lega ha espresso una \"riserva politica\" sulla riforma.<\/p>\n","protected":false},"excerpt":{"rendered":"<p>Roma, 19 Ott 2021 &#8211; Il Consiglio dei ministri ha\u00a0approvato all&#8217;unanimit\u00e0, a quanto si apprende, il documento\u00a0programmatico di bilancio (dpb) che disegna la cornice della\u00a0manovra.&#8230;<\/p>\n","protected":false},"author":2,"featured_media":203986,"comment_status":"closed","ping_status":"open","sticky":false,"template":"","format":"standard","meta":[],"categories":[49,50],"tags":[],"_links":{"self":[{"href":"https:\/\/www.cronacaonline.it\/index.php\/wp-json\/wp\/v2\/posts\/213274"}],"collection":[{"href":"https:\/\/www.cronacaonline.it\/index.php\/wp-json\/wp\/v2\/posts"}],"about":[{"href":"https:\/\/www.cronacaonline.it\/index.php\/wp-json\/wp\/v2\/types\/post"}],"author":[{"embeddable":true,"href":"https:\/\/www.cronacaonline.it\/index.php\/wp-json\/wp\/v2\/users\/2"}],"replies":[{"embeddable":true,"href":"https:\/\/www.cronacaonline.it\/index.php\/wp-json\/wp\/v2\/comments?post=213274"}],"version-history":[{"count":1,"href":"https:\/\/www.cronacaonline.it\/index.php\/wp-json\/wp\/v2\/posts\/213274\/revisions"}],"predecessor-version":[{"id":213275,"href":"https:\/\/www.cronacaonline.it\/index.php\/wp-json\/wp\/v2\/posts\/213274\/revisions\/213275"}],"wp:featuredmedia":[{"embeddable":true,"href":"https:\/\/www.cronacaonline.it\/index.php\/wp-json\/wp\/v2\/media\/203986"}],"wp:attachment":[{"href":"https:\/\/www.cronacaonline.it\/index.php\/wp-json\/wp\/v2\/media?parent=213274"}],"wp:term":[{"taxonomy":"category","embeddable":true,"href":"https:\/\/www.cronacaonline.it\/index.php\/wp-json\/wp\/v2\/categories?post=213274"},{"taxonomy":"post_tag","embeddable":true,"href":"https:\/\/www.cronacaonline.it\/index.php\/wp-json\/wp\/v2\/tags?post=213274"}],"curies":[{"name":"wp","href":"https:\/\/api.w.org\/{rel}","templated":true}]}}