{"id":213238,"date":"2021-10-19T10:30:11","date_gmt":"2021-10-19T08:30:11","guid":{"rendered":"https:\/\/www.cronacaonline.it\/?p=213238"},"modified":"2021-10-19T10:30:12","modified_gmt":"2021-10-19T08:30:12","slug":"la-polonia-si-rifiuta-di-seguire-le-regole-della-ue-i-polacchi-non-accettiamo-ricatti-von-der-leyen-pronti-a-diverse-opzioni","status":"publish","type":"post","link":"https:\/\/www.cronacaonline.it\/index.php\/2021\/10\/19\/la-polonia-si-rifiuta-di-seguire-le-regole-della-ue-i-polacchi-non-accettiamo-ricatti-von-der-leyen-pronti-a-diverse-opzioni\/","title":{"rendered":"La Polonia si rifiuta di seguire le regole della Ue: i polacchi, &#8220;Non accettiamo ricatti&#8221;. Von der leyen: &#8220;Pronti a diverse opzioni&#8221;."},"content":{"rendered":"\n<p>Bruxelles, 19 Ott 2021 - 'La primazia del diritto Ue \u00e8 il fondamento dell'eguaglianza nel modo in cui vengono trattati gli Stati, garantisce che tutti i cittadini godano degli stessi diritti: se non fosse cos\u00ec non ci sarebbe parit\u00e0 di trattamento e il mercato unico europeo. Siamo impegnati a un confronto positivo e costruttivo sulle questioni dello Stato di diritto'.<\/p>\n\n\n\n<p>Lo ha detto il ministro degli esteri sloveno Anze Logar aprendo il dibattito sullo Stato di diritto all'Europarlamento riunito a Strasburgo cui partecipano il premier polacco Mateusz Makowiecki e la presidente della Commissione Ursula von der Leyen. Al centro del confronto la recente sentenza della Corte costituzionale polacca che ha considerato alcune disposizioni del Trattato europeo incompatibili con la costituzione nazionale.<\/p>\n\n\n\n<p>\"La recente sentenza della Corte costituzionale polacca mette in dubbio molte di queste cose \u2013 ha detto Ursula von der Leyen - siamo preoccupati per l'indipendenza dei giudici da tempo, perch\u00e9 l'immunit\u00e0 dei giudici \u00e8 stata spesso rimossa senza giustificazione, questo minaccia l'indipendenza del sistema giudiziario che costituisce un pilastro dello stato di diritto. La situazione \u00e8 peggiorata. La Commissione europea sta valutando attentamente la sentenza, posso gi\u00e0 dirvi oggi che sono fortemente preoccupata perch\u00e9 mette in discussione le basi dell'Unione europea\".<\/p>\n\n\n\n<p>\"Non possiamo permettere e non permetteremo \u2013 ha proseguito - che i nostri valori comuni siano messi a rischio. La Commissione agir\u00e0 e le opzioni sono tutte note. La prima opzione \u00e8 la procedura d'infrazione per impugnare legalmente la sentenza del Tribunale costituzionale polacco\". \"Un'altra opzione \u00e8 il meccanismo di condizionalit\u00e0 e altri strumenti finanziari\", ha aggiunto la presidente. \"Il Governo polacco - ha sottolineato - deve spiegarci come intende proteggere i fondi europei, vista questa sentenza della sua Corte costituzionale\".<\/p>\n\n\n\n<p>\"Il destino della Polonia \u00e8 l'Europa\". Ha concluso la von der Leyen.<\/p>\n\n\n\n<p>Decisa la posizione del premier polacco Mateusz Morawiecki: \"Troppo spesso abbiamo a che fare con un'Europa dei doppi standard. Non dobbiamo lottare uni contro altri. Non dobbiamo cercare colpevoli dove non ci sono. La Polonia \u00e8 attaccata in modo parziale e ingiustificato. Le regole del gioco devono essere uguali per tutti. Non \u00e8 ammissibile che si parli di sanzioni. Respingo la lingua delle minacce e del ricatto\". Lo ha detto il premier polacco, intervenendo al Parlamento europeo.<\/p>\n\n\n\n<p>\"Per noi \u00e8 una scelta di civilt\u00e0 l'integrazione europea, noi siamo qui, questo \u00e8 il nostro posto e non andiamo da nessuna parte, vogliamo che l'Europa ridiventi forte, ambiziosa e coraggiosa\".<\/p>\n\n\n\n<p>\"L'Ue \u00e8 una grande conquista dei paesi europei ed \u00e8 una forte alleanza economica, politica e sociale ed \u00e8 organizzazione pi\u00f9 forte meglio sviluppata della storia, per\u00f2 la Ue non \u00e8 uno Stato, lo sono invece gli stati membri della Ue. Gli stati sono quelli che rimangono sovrani aldi sopra dei Trattati\". Lo ha detto il premier polacco Mateusz Morawiecki intervenendo al dibattito al Parlamento europeo sulla crisi dello stato di diritto in Polonia.&nbsp;&nbsp; \"Nei trattati abbiamo concesso alcune competenze alla Ue ma non tutte le competenze\", ha aggiunto.<\/p>\n","protected":false},"excerpt":{"rendered":"<p>Bruxelles, 19 Ott 2021 &#8211; &#8216;La primazia del diritto Ue \u00e8 il fondamento dell&#8217;eguaglianza nel modo in cui vengono trattati gli Stati, garantisce che tutti&#8230;<\/p>\n","protected":false},"author":2,"featured_media":211806,"comment_status":"closed","ping_status":"open","sticky":false,"template":"","format":"standard","meta":[],"categories":[49,50],"tags":[],"_links":{"self":[{"href":"https:\/\/www.cronacaonline.it\/index.php\/wp-json\/wp\/v2\/posts\/213238"}],"collection":[{"href":"https:\/\/www.cronacaonline.it\/index.php\/wp-json\/wp\/v2\/posts"}],"about":[{"href":"https:\/\/www.cronacaonline.it\/index.php\/wp-json\/wp\/v2\/types\/post"}],"author":[{"embeddable":true,"href":"https:\/\/www.cronacaonline.it\/index.php\/wp-json\/wp\/v2\/users\/2"}],"replies":[{"embeddable":true,"href":"https:\/\/www.cronacaonline.it\/index.php\/wp-json\/wp\/v2\/comments?post=213238"}],"version-history":[{"count":1,"href":"https:\/\/www.cronacaonline.it\/index.php\/wp-json\/wp\/v2\/posts\/213238\/revisions"}],"predecessor-version":[{"id":213239,"href":"https:\/\/www.cronacaonline.it\/index.php\/wp-json\/wp\/v2\/posts\/213238\/revisions\/213239"}],"wp:featuredmedia":[{"embeddable":true,"href":"https:\/\/www.cronacaonline.it\/index.php\/wp-json\/wp\/v2\/media\/211806"}],"wp:attachment":[{"href":"https:\/\/www.cronacaonline.it\/index.php\/wp-json\/wp\/v2\/media?parent=213238"}],"wp:term":[{"taxonomy":"category","embeddable":true,"href":"https:\/\/www.cronacaonline.it\/index.php\/wp-json\/wp\/v2\/categories?post=213238"},{"taxonomy":"post_tag","embeddable":true,"href":"https:\/\/www.cronacaonline.it\/index.php\/wp-json\/wp\/v2\/tags?post=213238"}],"curies":[{"name":"wp","href":"https:\/\/api.w.org\/{rel}","templated":true}]}}