{"id":213134,"date":"2021-10-16T15:03:55","date_gmt":"2021-10-16T13:03:55","guid":{"rendered":"https:\/\/www.cronacaonline.it\/?p=213134"},"modified":"2021-10-16T15:03:56","modified_gmt":"2021-10-16T13:03:56","slug":"sindacati-e-centrosinistra-in-piazza-a-roma-mai-piu-fascismi","status":"publish","type":"post","link":"https:\/\/www.cronacaonline.it\/index.php\/2021\/10\/16\/sindacati-e-centrosinistra-in-piazza-a-roma-mai-piu-fascismi\/","title":{"rendered":"Sindacati e centrosinistra in piazza a Roma: &#8220;Mai pi\u00f9 fascismi&#8221;."},"content":{"rendered":"\n<p>Roma, 16 Ott 2021 - Ha preso il via la manifestazione nazionale 'Mai pi\u00f9 fascismi' indetta dai sindacati dopo l'assalto alla sede della Cgil di sabato scorso. Piazza San Giovanni \u00e8 gi\u00e0 piena di gente, striscioni e palloncini. Secondo gli organizzatori dovrebbero affluire oltre 60mila persone. Sul palco si alterneranno i segretari generali di Cgil, Cisl e Uil e tre interventi di lavoratori e pensionati iscritti alle organizzazioni sindacali. La manifestazione, organizzata da Cgil, Cisl e Uil, con lo slogan \"Mai pi\u00f9 fascismi: per il lavoro, la partecipazione, la democrazia\", \u00e8 stata indetta unitariamente dopo l'assalto di sabato scorso alla sede della Cgil, considerato un attacco a tutto il sindacato confederale, al mondo del lavoro e alla democrazia.\u00a0 Decine le adesioni di associazioni, movimenti e partiti, da Pd a M5s e Leu, Azione, Sinistra italiana, Rifondazione comunista, Europa verde.\u00a0Tra i presenti in piazza San Giovanni i ministri Roberto Speranza e Andrea Orlando, il presidente della Regione Lazio, Nicola Zingaretti, l'assessore regionale alla Sanit\u00e0, Alessio D'Amato, Pierluigi Bersani, il segretario del Pd Gianni Letta, Don Ciotti e il sindaco di Palermo Leoluca Orlando.<\/p>\n\n\n\n<p>\"Manifestazione di parte? No questa \u00e8 una manifestazione che difende la democrazia di tutti\". Cos\u00ec il segretario della Cgil Maurizio Landini all'avvio della manifestazione. \"L'attacco alla Cgil, l'attacco al sindacato, \u00e8 in realt\u00e0 un attacco alla dignit\u00e0 del lavoro di tutto il Paese. E noi siamo qui non per difendere qualcuno, ma per difendere la democrazia per estendere la democrazia nel nostro paese e in Europa\". Il segretario della Cgil ha raggiunto la testa del corteo in piazza dell'Esquilino&nbsp;dove confluiscono i manifestanti arrivati a Roma con i treni e i pullman e che raggiungono a piedi piazza San Giovanni, per la manifestazione nazionale organizzata da Cgil Cisl e Uil, sotto lo slogan \"Mai pi\u00f9 fascismi\". Landini, dietro lo striscione \"La Cgil resiste!\" che apre il corteo, \u00e8 stato accolto dal coro \"Siamo tutti antifascisti\".&nbsp;Il segretario generale della Cgil, Maurizio Landini, \"ringrazia la ministra degli Interni Luciana Lamorgese per il lavoro svolto e le forze di polizia\", parlando dal corteo della manifestazione.<\/p>\n\n\n\n<p>Quella di oggi \u00e8 una \"giornata importante per una risposta forte, unitaria contro fascismi, estremismi, derive antidemocratiche. Un presidio forte, una mobilitazione necessaria\". Cos\u00ec il leader della Cisl, Luigi Sbarra, a margine della manifestazione contro i fascismi. \"Portiamo in piazza le ragioni del lavoro, della partecipazione, valori fondanti della nostra democrazia e della nostra Repubblica - ha detto - il mondo del lavoro sar\u00e0 come sempre un argine\". Sbarra ha aggiunto che serve \"un cammino di condivisione, partecipazione, confronto e dialogo. Dobbiamo abbassare i toni e far prevalere la responsabilit\u00e0. C'\u00e8 un Paese da ricostruire. La piazza di oggi chiede al Governo di aprire in confronto per discutere delle riforme, dal lavoro al fisco e alle pensioni\", ha detto ancora.&nbsp;\"Tante volte le nostre bandiere, di Cgil, Cisl e Uil, si sono ritrovate a sventolare insieme a Piazza San Giovanni in momenti difficili e drammatici della nostra storia, come nel giorno del rapimento di Aldo Moro e dell'uccisione della scorta da parte delle Br, ha detto Sbarra.&nbsp;\"Si proceda velocemente allo scioglimento delle organizzazioni neofasciste e neonaziste. L'arco parlamentare e costituzionale sia unito e deciso. \u00c8 un passo doveroso\", ha aggiunto. \"Oggi siamo qui nel giorno del rastrellamento del ghetto di Roma e mandiamo a Liliana Segre la nostra pi\u00f9 forte vicinanza e solidariet\u00e0\", ha detto ancora Sbarra. Sui vaccini il segretario generale della Cisl ha detto: \"La campagna di vaccinazione ci porter\u00e0 fuori dal tunnel, cosa si aspetta a mettere in campo un provvedimento\" che lo renda obbligatorio?&nbsp; E' grave che governo e Parlamento non l'abbiamo ancora fatto per mera convenienza politica per nascondere evidenti contraddizioni nella maggioranza. E' grave che per non affrontare queste asimmetrie si siano scaricate tensioni sul mondo del lavoro\".&nbsp;Il mondo del lavoro esprime \"ogni giorno responsabilit\u00e0. Lo abbiamo visto ancora ieri, nella prima giornata del green pass esteso nei luoghi di lavoro. Pi\u00f9 di qualcuno ha cercato di soffiare sul fuoco. Lavoratrici e lavoratori hanno risposto dando l'ennesima prova di senso civico\".<\/p>\n\n\n\n<p>\"Investimenti, lavoro, coesione, partecipazione. Se non ora, quando? Questo \u00e8 il momento. Qui sta il Patto che vogliamo. Un grande accordo tra sindacato, istituzioni e impresa\". Cos\u00ec il segretario generale della Cisl, Luigi Sbarra, parlando dal palco della manifestazione in piazza San Giovanni, rilancia anche la concertazione. \"Per uscire dalla crisi manca ancora un tratto di strada, il pi\u00f9 difficile, il pi\u00f9 importante, quello in cui non sono permessi errori. Riusciremo se lo percorreremo insieme. Caro Governo: insieme. Senza fasi alterne - dice - senza stop and go. Con un nuovo metodo, autenticamente partecipativo. Con un dialogo sociale strutturato, che non si limiti a incontri puramente informativi\". Sbarra parla tra l'altro della necessit\u00e0 di abbassare le tasse per i lavoratori e i pensionati e di fare la riforma della previdenza, perch\u00e9 \"le pensioni non sono un lusso o un privilegio, ma sono un diritto. Non c'\u00e8 solo la sostenibilit\u00e0 economica, c'\u00e8 anche un problema di sostenibilit\u00e0 sociale\".<\/p>\n\n\n\n<p>\"Sono un'infermiera dell'Umberto I, una di quelli che ha rischiato la vita per il Covid, eravamo gli eroi, gli angeli del Paese. La notte del 9 ottobre siamo stati costretti a barricarci per proteggere i nostri pazienti in seguito ad una violenta aggressione. A loro diciamo: vergognatevi! Vogliamo che la parola sicurezza non sia pi\u00f9 uno slogan ma venga messa in pratica. Chiediamo che la sanit\u00e0 venga al primo posto, assunzioni da subito e stabilizzazioni\". Lo ha detto Silvia, un'infermiera del Policlinico Umberto I intervenendo dal palco di Piazza San Giovanni.<\/p>\n\n\n\n<p>\"Il dissenso \u00e8 il sale della democrazia e la violenza \u00e8 la sua negazione. La violenza dei fascismi, dei razzismi e dei sovranismi nasce dal veleno di una societ\u00e0 disgregata e da una democrazia pallida dove troppi diritti sono parole dette o scritte sulla carta ma non si traducono in concreto\". Lo ha detto don Luigi Ciotti partecipando al corteo partito da piazza dell'Esquilino a Roma alla volta di piazza san Giovanni dove a breve inizier\u00e0 la manifestazione indetta da Cgil Cisl e Uil. \"Poi c'\u00e8 anche la violenza delle mafie che si alimenta a sua volta dei vuoti della democrazia, della coesione e dell'ingiustizia sociale e ambientale\".<\/p>\n\n\n\n<p>\"\u00c8 una grande giornata di democrazia\": lo sottolinea il segretario generale della Uil, Pierpaolo Bombardieri, da piazza San Giovanni a Roma, gi\u00e0 piena, per la manifestazione unitaria dei sindacati. \"Mi aspettavo una grande partecipazione. \u00c8 una giornata importante, qui si riafferma il principio che questo \u00e8 uno Stato antifascista, chela nostra Costituzione \u00e8 antifascista. Cgil, Cisl Uil hanno sempre difeso questi principi e valori. Lo faremo anche oggi. Non ci faremo intimidire da aggressioni squadriste. \u00c8 un'occasione per parlare anche di lavoro, di come ricostruire questo Paese\", aggiunge Bombardieri.<\/p>\n","protected":false},"excerpt":{"rendered":"<p>Roma, 16 Ott 2021 &#8211; Ha preso il via la manifestazione nazionale &#8216;Mai pi\u00f9 fascismi&#8217; indetta dai sindacati dopo l&#8217;assalto alla sede della Cgil di&#8230;<\/p>\n","protected":false},"author":2,"featured_media":213135,"comment_status":"closed","ping_status":"open","sticky":false,"template":"","format":"standard","meta":[],"categories":[49,50],"tags":[],"_links":{"self":[{"href":"https:\/\/www.cronacaonline.it\/index.php\/wp-json\/wp\/v2\/posts\/213134"}],"collection":[{"href":"https:\/\/www.cronacaonline.it\/index.php\/wp-json\/wp\/v2\/posts"}],"about":[{"href":"https:\/\/www.cronacaonline.it\/index.php\/wp-json\/wp\/v2\/types\/post"}],"author":[{"embeddable":true,"href":"https:\/\/www.cronacaonline.it\/index.php\/wp-json\/wp\/v2\/users\/2"}],"replies":[{"embeddable":true,"href":"https:\/\/www.cronacaonline.it\/index.php\/wp-json\/wp\/v2\/comments?post=213134"}],"version-history":[{"count":1,"href":"https:\/\/www.cronacaonline.it\/index.php\/wp-json\/wp\/v2\/posts\/213134\/revisions"}],"predecessor-version":[{"id":213136,"href":"https:\/\/www.cronacaonline.it\/index.php\/wp-json\/wp\/v2\/posts\/213134\/revisions\/213136"}],"wp:featuredmedia":[{"embeddable":true,"href":"https:\/\/www.cronacaonline.it\/index.php\/wp-json\/wp\/v2\/media\/213135"}],"wp:attachment":[{"href":"https:\/\/www.cronacaonline.it\/index.php\/wp-json\/wp\/v2\/media?parent=213134"}],"wp:term":[{"taxonomy":"category","embeddable":true,"href":"https:\/\/www.cronacaonline.it\/index.php\/wp-json\/wp\/v2\/categories?post=213134"},{"taxonomy":"post_tag","embeddable":true,"href":"https:\/\/www.cronacaonline.it\/index.php\/wp-json\/wp\/v2\/tags?post=213134"}],"curies":[{"name":"wp","href":"https:\/\/api.w.org\/{rel}","templated":true}]}}